{"id":10378,"date":"2025-11-06T18:46:00","date_gmt":"2025-11-06T18:46:00","guid":{"rendered":"https:\/\/www.abchukuk.com\/index.php\/2025\/11\/06\/bassavci-gurlekten-chp-lideri-ozele-500-bin-liralik-tazminat-davasi\/"},"modified":"2025-11-06T18:46:00","modified_gmt":"2025-11-06T18:46:00","slug":"bassavci-gurlekten-chp-lideri-ozele-500-bin-liralik-tazminat-davasi","status":"publish","type":"post","link":"https:\/\/www.abchukuk.com\/index.php\/2025\/11\/06\/bassavci-gurlekten-chp-lideri-ozele-500-bin-liralik-tazminat-davasi\/","title":{"rendered":"Ba\u015fsavc\u0131 G\u00fcrlek\u2019ten CHP lideri \u00d6zel\u2019e 500 bin liral\u0131k tazminat davas\u0131"},"content":{"rendered":"<p>\u0130stanbul Cumhuriyet Ba\u015fsavc\u0131s\u0131 Ak\u0131n G\u00fcrlek, CHP Genel Ba\u015fkan\u0131 \u00d6zg\u00fcr \u00d6zel\u2019in 4 ve 5 Kas\u0131m\u2019daki a\u00e7\u0131klamalar\u0131nda ki\u015filik haklar\u0131na sald\u0131r\u0131da bulundu\u011fu gerek\u00e7esiyle 500 bin liral\u0131k manevi tazminat davas\u0131 a\u00e7t\u0131.\u0130stanbul Cumhuriyet Ba\u015fsavc\u0131s\u0131 Ak\u0131n G\u00fcrlek, CHP Genel Ba\u015fkan\u0131 \u00d6zg\u00fcr \u00d6zel\u2019in 4 ve 5 Kas\u0131m\u2019daki a\u00e7\u0131klamalar\u0131nda ki\u015filik haklar\u0131na sald\u0131r\u0131da bulundu\u011fu gerek\u00e7esiyle 500 bin liral\u0131k manevi tazminat davas\u0131 a\u00e7t\u0131.\u00a0<a href=\"https:\/\/www.cumhuriyet.com.tr\/turkiye\/bassavci-gurlek-ten-chp-lideri-ozel-e-500-bin-liralik-tazminat-davasi-2450506\" target=\"_blank\" class=\"feedzy-rss-link-icon\">Read More<\/a><\/p>","protected":false},"excerpt":{"rendered":"<p>\u0130stanbul Cumhuriyet Ba\u015fsavc\u0131s\u0131 Ak\u0131n G\u00fcrlek, CHP Genel Ba\u015fkan\u0131 \u00d6zg\u00fcr \u00d6zel\u2019in 4 ve 5 Kas\u0131m\u2019daki a\u00e7\u0131klamalar\u0131nda ki\u015filik haklar\u0131na sald\u0131r\u0131da bulundu\u011fu gerek\u00e7esiyle 500 bin liral\u0131k manevi tazminat davas\u0131 a\u00e7t\u0131.\u0130stanbul Cumhuriyet Ba\u015fsavc\u0131s\u0131 Ak\u0131n G\u00fcrlek, CHP Genel Ba\u015fkan\u0131 \u00d6zg\u00fcr \u00d6zel\u2019in 4 ve 5 Kas\u0131m\u2019daki a\u00e7\u0131klamalar\u0131nda ki\u015filik haklar\u0131na sald\u0131r\u0131da bulundu\u011fu gerek\u00e7esiyle 500 bin liral\u0131k manevi tazminat davas\u0131 a\u00e7t\u0131.\u00a0Read More<\/p>\n","protected":false},"author":1,"featured_media":10379,"comment_status":"open","ping_status":"open","sticky":false,"template":"","format":"standard","meta":{"footnotes":"","_links_to":"","_links_to_target":""},"categories":[1],"tags":[],"class_list":["post-10378","post","type-post","status-publish","format-standard","has-post-thumbnail","hentry","category-haberler"],"_links":{"self":[{"href":"https:\/\/www.abchukuk.com\/index.php\/wp-json\/wp\/v2\/posts\/10378","targetHints":{"allow":["GET"]}}],"collection":[{"href":"https:\/\/www.abchukuk.com\/index.php\/wp-json\/wp\/v2\/posts"}],"about":[{"href":"https:\/\/www.abchukuk.com\/index.php\/wp-json\/wp\/v2\/types\/post"}],"author":[{"embeddable":true,"href":"https:\/\/www.abchukuk.com\/index.php\/wp-json\/wp\/v2\/users\/1"}],"replies":[{"embeddable":true,"href":"https:\/\/www.abchukuk.com\/index.php\/wp-json\/wp\/v2\/comments?post=10378"}],"version-history":[{"count":0,"href":"https:\/\/www.abchukuk.com\/index.php\/wp-json\/wp\/v2\/posts\/10378\/revisions"}],"wp:featuredmedia":[{"embeddable":true,"href":"https:\/\/www.abchukuk.com\/index.php\/wp-json\/wp\/v2\/media\/10379"}],"wp:attachment":[{"href":"https:\/\/www.abchukuk.com\/index.php\/wp-json\/wp\/v2\/media?parent=10378"}],"wp:term":[{"taxonomy":"category","embeddable":true,"href":"https:\/\/www.abchukuk.com\/index.php\/wp-json\/wp\/v2\/categories?post=10378"},{"taxonomy":"post_tag","embeddable":true,"href":"https:\/\/www.abchukuk.com\/index.php\/wp-json\/wp\/v2\/tags?post=10378"}],"curies":[{"name":"wp","href":"https:\/\/api.w.org\/{rel}","templated":true}]}}