{"id":10376,"date":"2025-11-06T16:13:37","date_gmt":"2025-11-06T16:13:37","guid":{"rendered":"https:\/\/www.abchukuk.com\/index.php\/2025\/11\/06\/akin-gurlekten-ozgur-ozele-500-bin-liralik-manevi-tazminat-davasi\/"},"modified":"2025-11-06T16:13:37","modified_gmt":"2025-11-06T16:13:37","slug":"akin-gurlekten-ozgur-ozele-500-bin-liralik-manevi-tazminat-davasi","status":"publish","type":"post","link":"https:\/\/www.abchukuk.com\/index.php\/2025\/11\/06\/akin-gurlekten-ozgur-ozele-500-bin-liralik-manevi-tazminat-davasi\/","title":{"rendered":"Ak\u0131n G\u00fcrlek\u2019ten \u00d6zg\u00fcr \u00d6zel\u2019e 500 bin liral\u0131k manevi tazminat davas\u0131"},"content":{"rendered":"<p class=\"p1\">\u0130stanbul Cumhuriyet Ba\u015fsavc\u0131s\u0131 Ak\u0131n G\u00fcrlek, 5 Kas\u0131m 2025 tarihinde \u00dcmraniye mitinginde ve \u00f6ncesinde yapt\u0131\u011f\u0131 a\u00e7\u0131klamalarda kendisine y\u00f6nelik \u201chakaret ve iftira\u201d i\u00e7eren ifadeler kulland\u0131\u011f\u0131 gerek\u00e7esiyle CHP Genel Ba\u015fkan\u0131 \u00d6zg\u00fcr \u00d6zel hakk\u0131nda 500 bin liral\u0131k manevi tazminat davas\u0131 a\u00e7t\u0131. G\u00fcrlek\u2019in avukat\u0131 Abdullah Ad\u0131r taraf\u0131ndan \u0130stanbul N\u00f6bet\u00e7i Asliye Hukuk Mahkemesi\u2019ne sunulan dilek\u00e7ede, \u00d6zel\u2019in a\u00e7\u0131klamalar\u0131n\u0131n \u201cki\u015filik haklar\u0131na a\u011f\u0131r sald\u0131r\u0131\u201d niteli\u011finde oldu\u011fu belirtildi.<\/p>\n<p class=\"p1\"><span class=\"s1\">\u0130THAM VE HAKARET SU\u00c7LAMASI<\/span><\/p>\n<p class=\"p1\"><span class=\"s2\">Dava dilek\u00e7esinde, \u00d6zg\u00fcr \u00d6zel\u2019in 4 Kas\u0131m\u2019daki grup toplant\u0131s\u0131nda ve 5 Kas\u0131m\u2019daki \u00dcmraniye mitinginde, \u0130stanbul Cumhuriyet Ba\u015fsavc\u0131l\u0131\u011f\u0131 taraf\u0131ndan y\u00fcr\u00fct\u00fclen soru\u015fturmalara ili\u015fkin a\u00e7\u0131klamalar yaparak G\u00fcrlek\u2019i hedef ald\u0131\u011f\u0131, ard\u0131ndan da Ba\u015fsavc\u0131\u2019n\u0131n kamu g\u00f6revine yak\u0131\u015fmayacak \u015fekilde \u201cikinci maa\u015f\u201d ald\u0131\u011f\u0131 y\u00f6n\u00fcnde ithamda bulundu\u011fu ifade edildi.<\/span><\/p>\n<p class=\"p1\"><span class=\"s2\">G\u00fcrlek\u2019in avukat\u0131, \u00d6zel\u2019in konu\u015fmas\u0131nda \u201cBa\u015fsavc\u0131l\u0131k g\u00f6revinin yan\u0131nda ba\u015fka bir gelir elde etti\u011fini\u201d ima ederek kamuoyunda m\u00fcvekkili hakk\u0131nda olumsuz bir alg\u0131 olu\u015fturdu\u011funu, ayr\u0131ca mitingde \u201citine k\u00f6pe\u011fine sahip \u00e7\u0131k\u201d s\u00f6zleriyle yarg\u0131 mensuplar\u0131na ve dolayl\u0131 olarak G\u00fcrlek\u2019e hakaret etti\u011fini savundu.<\/span><\/p>\n<p class=\"p1\"><span class=\"s1\">\u201c\u0130T\u0130BARSIZLA\u015eTIRMA AMA\u00c7LI\u201d<\/span><\/p>\n<p class=\"p1\"><span class=\"s2\">Dilek\u00e7ede, G\u00fcrlek\u2019in Etimaden Anonim \u015eirketi\u2019nin L\u00fcksemburg\u2019daki kurulu\u015funda y\u00f6netim kurulu \u00fcyeli\u011fi bulundu\u011fu iddias\u0131n\u0131n ger\u00e7ek d\u0131\u015f\u0131 oldu\u011fu vurguland\u0131. G\u00fcrlek\u2019in bu g\u00f6reve Bakan Yard\u0131mc\u0131l\u0131\u011f\u0131 d\u00f6neminde atand\u0131\u011f\u0131, ancak \u0130stanbul Cumhuriyet Ba\u015fsavc\u0131l\u0131\u011f\u0131 g\u00f6revine getirildikten sonra \u015firketin hi\u00e7bir toplant\u0131s\u0131na kat\u0131lmad\u0131\u011f\u0131 ve herhangi bir kazan\u00e7 elde etmedi\u011fi ifade edildi.<\/span><\/p>\n<p class=\"p1\"><span class=\"s2\">Ayr\u0131ca, \u00d6zel\u2019in bu iddialar\u0131 ara\u015ft\u0131rmadan dile getirerek \u201citibars\u0131zla\u015ft\u0131rma saikiyle hareket etti\u011fi\u201d \u00f6ne s\u00fcr\u00fcld\u00fc.<\/span><\/p>\n<p class=\"p1\"><span class=\"s1\">DAHA \u00d6NCE DE DAVA A\u00c7ILDI<\/span><\/p>\n<p class=\"p1\"><span class=\"s2\">Ba\u015fsavc\u0131 G\u00fcrlek\u2019in avukat\u0131, \u00d6zel\u2019in ge\u00e7mi\u015fte de benzer s\u00f6ylemlerle m\u00fcvekkiline hakaret etti\u011fini, bu nedenle \u0130stanbul\u2019daki \u00e7e\u015fitli Asliye Hukuk Mahkemelerinde a\u00e7\u0131lm\u0131\u015f \u00e7ok say\u0131da manevi tazminat davas\u0131n\u0131n bulundu\u011funu belirtti. Baz\u0131 dosyalar\u0131n sonu\u00e7land\u0131\u011f\u0131 ve \u00d6zel\u2019in tazminat \u00f6demeye mahk\u00fbm edildi\u011fi, baz\u0131 davalar\u0131n ise halen derdest oldu\u011fu kaydedildi.<\/span><\/p>\n<p class=\"p1\"><span class=\"s1\">\u201cK\u0130\u015e\u0130L\u0130K HAKLARINA SALDIRI\u201d<\/span><\/p>\n<p class=\"p1\"><span class=\"s2\">Dilek\u00e7ede, \u00d6zg\u00fcr \u00d6zel\u2019in a\u00e7\u0131klamalar\u0131n\u0131n \u201cele\u015ftiri s\u0131n\u0131rlar\u0131n\u0131 a\u015ft\u0131\u011f\u0131\u201d ve \u201chakaret boyutuna ula\u015ft\u0131\u011f\u0131\u201d belirtilerek \u201cAna muhalefet partisi lideri taraf\u0131ndan sistematik \u015fekilde, milyonlarca ki\u015fiye ula\u015facak bi\u00e7imde, haysiyet ve ki\u015fili\u011fe y\u00f6nelik sald\u0131r\u0131 ger\u00e7ekle\u015ftirilmi\u015ftir. M\u00fcvekkilin manevi ki\u015fili\u011fine verilen zarar\u0131n telafisi amac\u0131yla bu dava a\u00e7\u0131lm\u0131\u015ft\u0131r\u201d \u0130fadelerine yer verildi.<\/span><\/p>\n<p>\u0130stanbul Cumhuriyet Ba\u015fsavc\u0131s\u0131 Ak\u0131n G\u00fcrlek, CHP Genel Ba\u015fkan\u0131 \u00d6zg\u00fcr \u00d6zel\u2019in 4 ve 5 Kas\u0131m tarihlerindeki a\u00e7\u0131klamalar\u0131nda kendisine y\u00f6nelik hakaret ve iftira i\u00e7erikli ifadeler kulland\u0131\u011f\u0131 gerek\u00e7esiyle 500 bin liral\u0131k manevi tazminat davas\u0131 a\u00e7t\u0131. G\u00fcrlek\u2019in avukat\u0131, \u00d6zel\u2019in \u201cikinci maa\u015f\u201d, \u201cl\u00fcks ya\u015fam\u201d ve \u201citine k\u00f6pe\u011fine sahip \u00e7\u0131k\u201d gibi s\u00f6zlerle m\u00fcvekkilinin ki\u015filik haklar\u0131na a\u011f\u0131r sald\u0131r\u0131da bulundu\u011funu belirtti.\u00a0<a href=\"https:\/\/www.son.tv\/akin-gurlekten-ozgur-ozele-500-bin-liralik-manevi-tazminat-davasi\/\" target=\"_blank\" class=\"feedzy-rss-link-icon\">Read More<\/a><\/p>","protected":false},"excerpt":{"rendered":"<p>\u0130stanbul Cumhuriyet Ba\u015fsavc\u0131s\u0131 Ak\u0131n G\u00fcrlek, 5 Kas\u0131m 2025 tarihinde \u00dcmraniye mitinginde ve \u00f6ncesinde yapt\u0131\u011f\u0131 a\u00e7\u0131klamalarda kendisine y\u00f6nelik \u201chakaret ve iftira\u201d i\u00e7eren ifadeler kulland\u0131\u011f\u0131 gerek\u00e7esiyle CHP Genel Ba\u015fkan\u0131 \u00d6zg\u00fcr \u00d6zel hakk\u0131nda 500 bin liral\u0131k manevi tazminat davas\u0131 a\u00e7t\u0131. G\u00fcrlek\u2019in avukat\u0131 Abdullah Ad\u0131r taraf\u0131ndan \u0130stanbul N\u00f6bet\u00e7i Asliye Hukuk Mahkemesi\u2019ne sunulan dilek\u00e7ede, \u00d6zel\u2019in a\u00e7\u0131klamalar\u0131n\u0131n \u201cki\u015filik haklar\u0131na a\u011f\u0131r sald\u0131r\u0131\u201d [&hellip;]<\/p>\n","protected":false},"author":1,"featured_media":0,"comment_status":"open","ping_status":"open","sticky":false,"template":"","format":"standard","meta":{"footnotes":"","_links_to":"","_links_to_target":""},"categories":[1],"tags":[],"class_list":["post-10376","post","type-post","status-publish","format-standard","hentry","category-haberler"],"_links":{"self":[{"href":"https:\/\/www.abchukuk.com\/index.php\/wp-json\/wp\/v2\/posts\/10376","targetHints":{"allow":["GET"]}}],"collection":[{"href":"https:\/\/www.abchukuk.com\/index.php\/wp-json\/wp\/v2\/posts"}],"about":[{"href":"https:\/\/www.abchukuk.com\/index.php\/wp-json\/wp\/v2\/types\/post"}],"author":[{"embeddable":true,"href":"https:\/\/www.abchukuk.com\/index.php\/wp-json\/wp\/v2\/users\/1"}],"replies":[{"embeddable":true,"href":"https:\/\/www.abchukuk.com\/index.php\/wp-json\/wp\/v2\/comments?post=10376"}],"version-history":[{"count":0,"href":"https:\/\/www.abchukuk.com\/index.php\/wp-json\/wp\/v2\/posts\/10376\/revisions"}],"wp:attachment":[{"href":"https:\/\/www.abchukuk.com\/index.php\/wp-json\/wp\/v2\/media?parent=10376"}],"wp:term":[{"taxonomy":"category","embeddable":true,"href":"https:\/\/www.abchukuk.com\/index.php\/wp-json\/wp\/v2\/categories?post=10376"},{"taxonomy":"post_tag","embeddable":true,"href":"https:\/\/www.abchukuk.com\/index.php\/wp-json\/wp\/v2\/tags?post=10376"}],"curies":[{"name":"wp","href":"https:\/\/api.w.org\/{rel}","templated":true}]}}