{"id":10374,"date":"2025-11-06T16:27:00","date_gmt":"2025-11-06T16:27:00","guid":{"rendered":"https:\/\/www.abchukuk.com\/index.php\/2025\/11\/06\/gurcistan-bassavciligi-tutuklu-olarak-yargilanan-saakasviliye-yonelik-yeni-sorusturma-karari-aldi\/"},"modified":"2025-11-06T16:27:00","modified_gmt":"2025-11-06T16:27:00","slug":"gurcistan-bassavciligi-tutuklu-olarak-yargilanan-saakasviliye-yonelik-yeni-sorusturma-karari-aldi","status":"publish","type":"post","link":"https:\/\/www.abchukuk.com\/index.php\/2025\/11\/06\/gurcistan-bassavciligi-tutuklu-olarak-yargilanan-saakasviliye-yonelik-yeni-sorusturma-karari-aldi\/","title":{"rendered":"G\u00fcrcistan Ba\u015fsavc\u0131l\u0131\u011f\u0131, tutuklu olarak yarg\u0131lanan Saaka\u015fvili&#8217;ye y\u00f6nelik yeni soru\u015fturma karar\u0131 ald\u0131"},"content":{"rendered":"<p>G\u00fcrcistan Ba\u015fsavc\u0131s\u0131 Giorgi Gvarakidze, \u00fclkesinde tutuklu olarak yarg\u0131lanan eski cumhurba\u015fkan\u0131 Mihail Saaka\u015fvili ve baz\u0131 muhalefet partilerinin liderlerine y\u00f6nelik G\u00fcrcistan&#8217;\u0131n anayasal d\u00fczenine kar\u015f\u0131 faaliyetleri s\u00fcrd\u00fcrd\u00fc\u011f\u00fc gerek\u00e7esiyle soru\u015fturman\u0131n ba\u015flat\u0131ld\u0131\u011f\u0131n\u0131 bildirdi.G\u00fcrcistan Ba\u015fsavc\u0131s\u0131 Giorgi Gvarakidze, \u00fclkesinde tutuklu olarak yarg\u0131lanan eski cumhurba\u015fkan\u0131 Mihail Saaka\u015fvili ve baz\u0131 muhalefet partilerinin liderlerine y\u00f6nelik G\u00fcrcistan&#8217;\u0131n anayasal d\u00fczenine kar\u015f\u0131 faaliyetleri s\u00fcrd\u00fcrd\u00fc\u011f\u00fc gerek\u00e7esiyle soru\u015fturman\u0131n ba\u015flat\u0131ld\u0131\u011f\u0131n\u0131 bildirdi.\u00a0<a href=\"https:\/\/www.cumhuriyet.com.tr\/turkiye\/gurcistan-bassavciligi-tutuklu-olarak-yargilanan-saakasvili-ye-yonelik-yeni-sorusturma-karari-aldi-2450473\" target=\"_blank\" class=\"feedzy-rss-link-icon\">Read More<\/a><\/p>","protected":false},"excerpt":{"rendered":"<p>G\u00fcrcistan Ba\u015fsavc\u0131s\u0131 Giorgi Gvarakidze, \u00fclkesinde tutuklu olarak yarg\u0131lanan eski cumhurba\u015fkan\u0131 Mihail Saaka\u015fvili ve baz\u0131 muhalefet partilerinin liderlerine y\u00f6nelik G\u00fcrcistan&#8217;\u0131n anayasal d\u00fczenine kar\u015f\u0131 faaliyetleri s\u00fcrd\u00fcrd\u00fc\u011f\u00fc gerek\u00e7esiyle soru\u015fturman\u0131n ba\u015flat\u0131ld\u0131\u011f\u0131n\u0131 bildirdi.G\u00fcrcistan Ba\u015fsavc\u0131s\u0131 Giorgi Gvarakidze, \u00fclkesinde tutuklu olarak yarg\u0131lanan eski cumhurba\u015fkan\u0131 Mihail Saaka\u015fvili ve baz\u0131 muhalefet partilerinin liderlerine y\u00f6nelik G\u00fcrcistan&#8217;\u0131n anayasal d\u00fczenine kar\u015f\u0131 faaliyetleri s\u00fcrd\u00fcrd\u00fc\u011f\u00fc gerek\u00e7esiyle soru\u015fturman\u0131n ba\u015flat\u0131ld\u0131\u011f\u0131n\u0131 bildirdi.\u00a0Read [&hellip;]<\/p>\n","protected":false},"author":1,"featured_media":10375,"comment_status":"open","ping_status":"open","sticky":false,"template":"","format":"standard","meta":{"footnotes":"","_links_to":"","_links_to_target":""},"categories":[1],"tags":[],"class_list":["post-10374","post","type-post","status-publish","format-standard","has-post-thumbnail","hentry","category-haberler"],"_links":{"self":[{"href":"https:\/\/www.abchukuk.com\/index.php\/wp-json\/wp\/v2\/posts\/10374","targetHints":{"allow":["GET"]}}],"collection":[{"href":"https:\/\/www.abchukuk.com\/index.php\/wp-json\/wp\/v2\/posts"}],"about":[{"href":"https:\/\/www.abchukuk.com\/index.php\/wp-json\/wp\/v2\/types\/post"}],"author":[{"embeddable":true,"href":"https:\/\/www.abchukuk.com\/index.php\/wp-json\/wp\/v2\/users\/1"}],"replies":[{"embeddable":true,"href":"https:\/\/www.abchukuk.com\/index.php\/wp-json\/wp\/v2\/comments?post=10374"}],"version-history":[{"count":0,"href":"https:\/\/www.abchukuk.com\/index.php\/wp-json\/wp\/v2\/posts\/10374\/revisions"}],"wp:featuredmedia":[{"embeddable":true,"href":"https:\/\/www.abchukuk.com\/index.php\/wp-json\/wp\/v2\/media\/10375"}],"wp:attachment":[{"href":"https:\/\/www.abchukuk.com\/index.php\/wp-json\/wp\/v2\/media?parent=10374"}],"wp:term":[{"taxonomy":"category","embeddable":true,"href":"https:\/\/www.abchukuk.com\/index.php\/wp-json\/wp\/v2\/categories?post=10374"},{"taxonomy":"post_tag","embeddable":true,"href":"https:\/\/www.abchukuk.com\/index.php\/wp-json\/wp\/v2\/tags?post=10374"}],"curies":[{"name":"wp","href":"https:\/\/api.w.org\/{rel}","templated":true}]}}