{"id":10368,"date":"2025-11-06T14:02:37","date_gmt":"2025-11-06T14:02:37","guid":{"rendered":"https:\/\/www.abchukuk.com\/index.php\/2025\/11\/06\/teshircilik-suclamasiyla-yargilaniyorlar-manifest-uyeleri-hakkinda-ilk-karar-aciklandi\/"},"modified":"2025-11-06T14:02:37","modified_gmt":"2025-11-06T14:02:37","slug":"teshircilik-suclamasiyla-yargilaniyorlar-manifest-uyeleri-hakkinda-ilk-karar-aciklandi","status":"publish","type":"post","link":"https:\/\/www.abchukuk.com\/index.php\/2025\/11\/06\/teshircilik-suclamasiyla-yargilaniyorlar-manifest-uyeleri-hakkinda-ilk-karar-aciklandi\/","title":{"rendered":"Te\u015fhircilik su\u00e7lamas\u0131yla yarg\u0131lan\u0131yorlar: Manifest \u00fcyeleri hakk\u0131nda ilk karar a\u00e7\u0131kland\u0131"},"content":{"rendered":"<p>Manifest \u00fcyelerinin hakk\u0131ndaki &#8216;te\u015fhircilik&#8217; su\u00e7lamas\u0131yla g\u00f6r\u00fclen davan\u0131n ilk duru\u015fmas\u0131nda grup \u00fcyelerinin imza zorunlulu\u011fu kald\u0131r\u0131ld\u0131, yurtd\u0131\u015f\u0131 \u00e7\u0131k\u0131\u015f yasa\u011f\u0131 devam edecek.Manifest \u00fcyelerinin hakk\u0131ndaki &#8216;te\u015fhircilik&#8217; su\u00e7lamas\u0131yla g\u00f6r\u00fclen davan\u0131n ilk duru\u015fmas\u0131nda grup \u00fcyelerinin imza zorunlulu\u011fu kald\u0131r\u0131ld\u0131, yurtd\u0131\u015f\u0131 \u00e7\u0131k\u0131\u015f yasa\u011f\u0131 devam edecek.\u00a0<a href=\"https:\/\/anlatilaninotesi.com.tr\/20251106\/teshircilik-suclamasiyla-yargilaniyorlar-manifest-uyeleri-hakkinda-ilk-karar-aciklandi-1100797270.html\" target=\"_blank\" class=\"feedzy-rss-link-icon\">Read More<\/a><\/p>","protected":false},"excerpt":{"rendered":"<p>Manifest \u00fcyelerinin hakk\u0131ndaki &#8216;te\u015fhircilik&#8217; su\u00e7lamas\u0131yla g\u00f6r\u00fclen davan\u0131n ilk duru\u015fmas\u0131nda grup \u00fcyelerinin imza zorunlulu\u011fu kald\u0131r\u0131ld\u0131, yurtd\u0131\u015f\u0131 \u00e7\u0131k\u0131\u015f yasa\u011f\u0131 devam edecek.Manifest \u00fcyelerinin hakk\u0131ndaki &#8216;te\u015fhircilik&#8217; su\u00e7lamas\u0131yla g\u00f6r\u00fclen davan\u0131n ilk duru\u015fmas\u0131nda grup \u00fcyelerinin imza zorunlulu\u011fu kald\u0131r\u0131ld\u0131, yurtd\u0131\u015f\u0131 \u00e7\u0131k\u0131\u015f yasa\u011f\u0131 devam edecek.\u00a0Read More<\/p>\n","protected":false},"author":1,"featured_media":0,"comment_status":"open","ping_status":"open","sticky":false,"template":"","format":"standard","meta":{"footnotes":"","_links_to":"","_links_to_target":""},"categories":[1],"tags":[],"class_list":["post-10368","post","type-post","status-publish","format-standard","hentry","category-haberler"],"_links":{"self":[{"href":"https:\/\/www.abchukuk.com\/index.php\/wp-json\/wp\/v2\/posts\/10368","targetHints":{"allow":["GET"]}}],"collection":[{"href":"https:\/\/www.abchukuk.com\/index.php\/wp-json\/wp\/v2\/posts"}],"about":[{"href":"https:\/\/www.abchukuk.com\/index.php\/wp-json\/wp\/v2\/types\/post"}],"author":[{"embeddable":true,"href":"https:\/\/www.abchukuk.com\/index.php\/wp-json\/wp\/v2\/users\/1"}],"replies":[{"embeddable":true,"href":"https:\/\/www.abchukuk.com\/index.php\/wp-json\/wp\/v2\/comments?post=10368"}],"version-history":[{"count":0,"href":"https:\/\/www.abchukuk.com\/index.php\/wp-json\/wp\/v2\/posts\/10368\/revisions"}],"wp:attachment":[{"href":"https:\/\/www.abchukuk.com\/index.php\/wp-json\/wp\/v2\/media?parent=10368"}],"wp:term":[{"taxonomy":"category","embeddable":true,"href":"https:\/\/www.abchukuk.com\/index.php\/wp-json\/wp\/v2\/categories?post=10368"},{"taxonomy":"post_tag","embeddable":true,"href":"https:\/\/www.abchukuk.com\/index.php\/wp-json\/wp\/v2\/tags?post=10368"}],"curies":[{"name":"wp","href":"https:\/\/api.w.org\/{rel}","templated":true}]}}