{"id":10362,"date":"2025-11-06T14:52:00","date_gmt":"2025-11-06T14:52:00","guid":{"rendered":"https:\/\/www.abchukuk.com\/index.php\/2025\/11\/06\/11-yargi-paketi-son-gelismeler-neler-yeni-yargi-paketi-meclise-geldi-mi-af-gelecek-mi\/"},"modified":"2025-11-06T14:52:00","modified_gmt":"2025-11-06T14:52:00","slug":"11-yargi-paketi-son-gelismeler-neler-yeni-yargi-paketi-meclise-geldi-mi-af-gelecek-mi","status":"publish","type":"post","link":"https:\/\/www.abchukuk.com\/index.php\/2025\/11\/06\/11-yargi-paketi-son-gelismeler-neler-yeni-yargi-paketi-meclise-geldi-mi-af-gelecek-mi\/","title":{"rendered":"11. Yarg\u0131 Paketi son geli\u015fmeler neler? Yeni yarg\u0131 paketi Meclis&#8217;e geldi mi? Af gelecek mi?"},"content":{"rendered":"<p>11. Yarg\u0131 Paketi g\u00fcndemdeki yerini koruyor. Milyonlar yasan\u0131n ayr\u0131nt\u0131lar\u0131n\u0131 merak ediyor. Konu ile ilgili son durum s\u00fcrekli ara\u015ft\u0131r\u0131l\u0131yor. Bug\u00fcn yine s\u0131k\u00e7a gelen soru &#8220;11. Yarg\u0131 Paketi Meclis&#8217;e geldi mi&#8221; \u015feklinde&#8230;11. Yarg\u0131 Paketi g\u00fcndemdeki yerini koruyor. Milyonlar yasan\u0131n ayr\u0131nt\u0131lar\u0131n\u0131 merak ediyor. Konu ile ilgili son durum s\u00fcrekli ara\u015ft\u0131r\u0131l\u0131yor. Bug\u00fcn yine s\u0131k\u00e7a gelen soru &#8220;11. Yarg\u0131 Paketi Meclis&#8217;e geldi mi&#8221; \u015feklinde&#8230;\u00a0<a href=\"https:\/\/www.dunya.com\/gundem\/11-yargi-paketi-son-gelismeler-neler-yeni-yargi-paketi-meclise-geldi-mi-af-gelecek-mi-haberi-801899\" target=\"_blank\" class=\"feedzy-rss-link-icon\">Read More<\/a><\/p>","protected":false},"excerpt":{"rendered":"<p>11. Yarg\u0131 Paketi g\u00fcndemdeki yerini koruyor. Milyonlar yasan\u0131n ayr\u0131nt\u0131lar\u0131n\u0131 merak ediyor. Konu ile ilgili son durum s\u00fcrekli ara\u015ft\u0131r\u0131l\u0131yor. Bug\u00fcn yine s\u0131k\u00e7a gelen soru &#8220;11. Yarg\u0131 Paketi Meclis&#8217;e geldi mi&#8221; \u015feklinde&#8230;11. Yarg\u0131 Paketi g\u00fcndemdeki yerini koruyor. Milyonlar yasan\u0131n ayr\u0131nt\u0131lar\u0131n\u0131 merak ediyor. Konu ile ilgili son durum s\u00fcrekli ara\u015ft\u0131r\u0131l\u0131yor. Bug\u00fcn yine s\u0131k\u00e7a gelen soru &#8220;11. Yarg\u0131 Paketi [&hellip;]<\/p>\n","protected":false},"author":1,"featured_media":10363,"comment_status":"open","ping_status":"open","sticky":false,"template":"","format":"standard","meta":{"footnotes":"","_links_to":"","_links_to_target":""},"categories":[1],"tags":[],"class_list":["post-10362","post","type-post","status-publish","format-standard","has-post-thumbnail","hentry","category-haberler"],"_links":{"self":[{"href":"https:\/\/www.abchukuk.com\/index.php\/wp-json\/wp\/v2\/posts\/10362","targetHints":{"allow":["GET"]}}],"collection":[{"href":"https:\/\/www.abchukuk.com\/index.php\/wp-json\/wp\/v2\/posts"}],"about":[{"href":"https:\/\/www.abchukuk.com\/index.php\/wp-json\/wp\/v2\/types\/post"}],"author":[{"embeddable":true,"href":"https:\/\/www.abchukuk.com\/index.php\/wp-json\/wp\/v2\/users\/1"}],"replies":[{"embeddable":true,"href":"https:\/\/www.abchukuk.com\/index.php\/wp-json\/wp\/v2\/comments?post=10362"}],"version-history":[{"count":0,"href":"https:\/\/www.abchukuk.com\/index.php\/wp-json\/wp\/v2\/posts\/10362\/revisions"}],"wp:featuredmedia":[{"embeddable":true,"href":"https:\/\/www.abchukuk.com\/index.php\/wp-json\/wp\/v2\/media\/10363"}],"wp:attachment":[{"href":"https:\/\/www.abchukuk.com\/index.php\/wp-json\/wp\/v2\/media?parent=10362"}],"wp:term":[{"taxonomy":"category","embeddable":true,"href":"https:\/\/www.abchukuk.com\/index.php\/wp-json\/wp\/v2\/categories?post=10362"},{"taxonomy":"post_tag","embeddable":true,"href":"https:\/\/www.abchukuk.com\/index.php\/wp-json\/wp\/v2\/tags?post=10362"}],"curies":[{"name":"wp","href":"https:\/\/api.w.org\/{rel}","templated":true}]}}