{"id":10357,"date":"2025-11-06T13:29:00","date_gmt":"2025-11-06T13:29:00","guid":{"rendered":"https:\/\/www.abchukuk.com\/index.php\/2025\/11\/06\/izmir-cumhuriyet-bassavciligi-ganali-michael-adufunun-vefatina-iliskin-sorusturma-baslatti\/"},"modified":"2025-11-06T13:29:00","modified_gmt":"2025-11-06T13:29:00","slug":"izmir-cumhuriyet-bassavciligi-ganali-michael-adufunun-vefatina-iliskin-sorusturma-baslatti","status":"publish","type":"post","link":"https:\/\/www.abchukuk.com\/index.php\/2025\/11\/06\/izmir-cumhuriyet-bassavciligi-ganali-michael-adufunun-vefatina-iliskin-sorusturma-baslatti\/","title":{"rendered":"\u0130zmir Cumhuriyet Ba\u015fsavc\u0131l\u0131\u011f\u0131, Ganal\u0131 Michael Adufu\u2019nun vefat\u0131na ili\u015fkin soru\u015fturma ba\u015flatt\u0131"},"content":{"rendered":"<p>\u0130zmir Cumhuriyet Ba\u015fsavc\u0131l\u0131\u011f\u0131, Gana vatanda\u015f\u0131 Michael Adufu\u2019nun g\u00f6zalt\u0131 ve tutukluluk s\u00fcrecinin ard\u0131ndan hastanede tedavi alt\u0131ndayken ya\u015fam\u0131n\u0131 yitirdi\u011fi olayla ilgili soru\u015fturma ba\u015flat\u0131ld\u0131\u011f\u0131n\u0131 bildirdi.\u0130zmir Cumhuriyet Ba\u015fsavc\u0131l\u0131\u011f\u0131, Gana vatanda\u015f\u0131 Michael Adufu\u2019nun g\u00f6zalt\u0131 ve tutukluluk s\u00fcrecinin ard\u0131ndan hastanede tedavi alt\u0131ndayken ya\u015fam\u0131n\u0131 yitirdi\u011fi olayla ilgili soru\u015fturma ba\u015flat\u0131ld\u0131\u011f\u0131n\u0131 bildirdi.\u00a0<a href=\"https:\/\/www.cumhuriyet.com.tr\/turkiye\/izmir-cumhuriyet-bassavciligi-ganali-michael-adufu-nun-vefatina-iliskin-sorusturma-baslatti-2450422\" target=\"_blank\" class=\"feedzy-rss-link-icon\">Read More<\/a><\/p>","protected":false},"excerpt":{"rendered":"<p>\u0130zmir Cumhuriyet Ba\u015fsavc\u0131l\u0131\u011f\u0131, Gana vatanda\u015f\u0131 Michael Adufu\u2019nun g\u00f6zalt\u0131 ve tutukluluk s\u00fcrecinin ard\u0131ndan hastanede tedavi alt\u0131ndayken ya\u015fam\u0131n\u0131 yitirdi\u011fi olayla ilgili soru\u015fturma ba\u015flat\u0131ld\u0131\u011f\u0131n\u0131 bildirdi.\u0130zmir Cumhuriyet Ba\u015fsavc\u0131l\u0131\u011f\u0131, Gana vatanda\u015f\u0131 Michael Adufu\u2019nun g\u00f6zalt\u0131 ve tutukluluk s\u00fcrecinin ard\u0131ndan hastanede tedavi alt\u0131ndayken ya\u015fam\u0131n\u0131 yitirdi\u011fi olayla ilgili soru\u015fturma ba\u015flat\u0131ld\u0131\u011f\u0131n\u0131 bildirdi.\u00a0Read More<\/p>\n","protected":false},"author":1,"featured_media":10358,"comment_status":"open","ping_status":"open","sticky":false,"template":"","format":"standard","meta":{"footnotes":"","_links_to":"","_links_to_target":""},"categories":[1],"tags":[],"class_list":["post-10357","post","type-post","status-publish","format-standard","has-post-thumbnail","hentry","category-haberler"],"_links":{"self":[{"href":"https:\/\/www.abchukuk.com\/index.php\/wp-json\/wp\/v2\/posts\/10357","targetHints":{"allow":["GET"]}}],"collection":[{"href":"https:\/\/www.abchukuk.com\/index.php\/wp-json\/wp\/v2\/posts"}],"about":[{"href":"https:\/\/www.abchukuk.com\/index.php\/wp-json\/wp\/v2\/types\/post"}],"author":[{"embeddable":true,"href":"https:\/\/www.abchukuk.com\/index.php\/wp-json\/wp\/v2\/users\/1"}],"replies":[{"embeddable":true,"href":"https:\/\/www.abchukuk.com\/index.php\/wp-json\/wp\/v2\/comments?post=10357"}],"version-history":[{"count":0,"href":"https:\/\/www.abchukuk.com\/index.php\/wp-json\/wp\/v2\/posts\/10357\/revisions"}],"wp:featuredmedia":[{"embeddable":true,"href":"https:\/\/www.abchukuk.com\/index.php\/wp-json\/wp\/v2\/media\/10358"}],"wp:attachment":[{"href":"https:\/\/www.abchukuk.com\/index.php\/wp-json\/wp\/v2\/media?parent=10357"}],"wp:term":[{"taxonomy":"category","embeddable":true,"href":"https:\/\/www.abchukuk.com\/index.php\/wp-json\/wp\/v2\/categories?post=10357"},{"taxonomy":"post_tag","embeddable":true,"href":"https:\/\/www.abchukuk.com\/index.php\/wp-json\/wp\/v2\/tags?post=10357"}],"curies":[{"name":"wp","href":"https:\/\/api.w.org\/{rel}","templated":true}]}}