{"id":10355,"date":"2025-11-06T13:29:00","date_gmt":"2025-11-06T13:29:00","guid":{"rendered":"https:\/\/www.abchukuk.com\/index.php\/2025\/11\/06\/cumhurbaskani-erdogandan-chp-lideri-ozgur-ozele-tazminat-davasi\/"},"modified":"2025-11-06T13:29:00","modified_gmt":"2025-11-06T13:29:00","slug":"cumhurbaskani-erdogandan-chp-lideri-ozgur-ozele-tazminat-davasi","status":"publish","type":"post","link":"https:\/\/www.abchukuk.com\/index.php\/2025\/11\/06\/cumhurbaskani-erdogandan-chp-lideri-ozgur-ozele-tazminat-davasi\/","title":{"rendered":"Cumhurba\u015fkan\u0131 Erdo\u011fan&#8217;dan, CHP Lideri \u00d6zg\u00fcr \u00d6zel&#8217;e tazminat davas\u0131"},"content":{"rendered":"<p>Cumhurba\u015fkan\u0131 Recep Tayyip Erdo\u011fan, CHP Genel Ba\u015fkan\u0131 \u00d6zg\u00fcr \u00d6zel hakk\u0131nda, 5 Kas\u0131m&#8217;da \u00dcmraniye&#8217;de d\u00fczenlenen mitingde sarf etti\u011fi ifadeler nedeniyle 500 bin liral\u0131k manevi tazminat davas\u0131 a\u00e7t\u0131. Erdo\u011fan\u2019\u0131n avukat\u0131 H\u00fcseyin Ayd\u0131n, &#8220;Say\u0131n Cumhurba\u015fkan\u0131m\u0131z\u0131 hedef alan yak\u0131\u015f\u0131ks\u0131z ifadeleri ve mesnetsiz ithamlar\u0131 nedeniyle Ankara Asliye Hukuk Mahkemesinde dava a\u00e7\u0131lm\u0131\u015ft\u0131r. Ayr\u0131ca Cumhurba\u015fkan\u0131na hakaret su\u00e7undan Ankara Cumhuriyet Ba\u015fsavc\u0131l\u0131\u011f\u0131&#8217;na su\u00e7 duyurusunda bulunulmu\u015ftur&#8221; dedi.Cumhurba\u015fkan\u0131 Recep Tayyip Erdo\u011fan, CHP Genel Ba\u015fkan\u0131 \u00d6zg\u00fcr \u00d6zel hakk\u0131nda, 5 Kas\u0131m&#8217;da \u00dcmraniye&#8217;de d\u00fczenlenen mitingde sarf etti\u011fi ifadeler nedeniyle 500 bin liral\u0131k manevi tazminat davas\u0131 a\u00e7t\u0131. Erdo\u011fan\u2019\u0131n avukat\u0131 H\u00fcseyin Ayd\u0131n, &#8220;Say\u0131n Cumhurba\u015fkan\u0131m\u0131z\u0131 hedef alan yak\u0131\u015f\u0131ks\u0131z ifadeleri ve mesnetsiz ithamlar\u0131 nedeniyle Ankara Asliye Hukuk Mahkemesinde dava a\u00e7\u0131lm\u0131\u015ft\u0131r. Ayr\u0131ca Cumhurba\u015fkan\u0131na hakaret su\u00e7undan Ankara Cumhuriyet Ba\u015fsavc\u0131l\u0131\u011f\u0131&#8217;na su\u00e7 duyurusunda bulunulmu\u015ftur&#8221; dedi.\u00a0<a href=\"https:\/\/www.dunya.com\/gundem\/cumhurbaskani-erdogandan-chp-lideri-ozgur-ozele-tazminat-davasi-haberi-801880\" target=\"_blank\" class=\"feedzy-rss-link-icon\">Read More<\/a><\/p>","protected":false},"excerpt":{"rendered":"<p>Cumhurba\u015fkan\u0131 Recep Tayyip Erdo\u011fan, CHP Genel Ba\u015fkan\u0131 \u00d6zg\u00fcr \u00d6zel hakk\u0131nda, 5 Kas\u0131m&#8217;da \u00dcmraniye&#8217;de d\u00fczenlenen mitingde sarf etti\u011fi ifadeler nedeniyle 500 bin liral\u0131k manevi tazminat davas\u0131 a\u00e7t\u0131. Erdo\u011fan\u2019\u0131n avukat\u0131 H\u00fcseyin Ayd\u0131n, &#8220;Say\u0131n Cumhurba\u015fkan\u0131m\u0131z\u0131 hedef alan yak\u0131\u015f\u0131ks\u0131z ifadeleri ve mesnetsiz ithamlar\u0131 nedeniyle Ankara Asliye Hukuk Mahkemesinde dava a\u00e7\u0131lm\u0131\u015ft\u0131r. Ayr\u0131ca Cumhurba\u015fkan\u0131na hakaret su\u00e7undan Ankara Cumhuriyet Ba\u015fsavc\u0131l\u0131\u011f\u0131&#8217;na su\u00e7 duyurusunda [&hellip;]<\/p>\n","protected":false},"author":1,"featured_media":10356,"comment_status":"open","ping_status":"open","sticky":false,"template":"","format":"standard","meta":{"footnotes":"","_links_to":"","_links_to_target":""},"categories":[1],"tags":[],"class_list":["post-10355","post","type-post","status-publish","format-standard","has-post-thumbnail","hentry","category-haberler"],"_links":{"self":[{"href":"https:\/\/www.abchukuk.com\/index.php\/wp-json\/wp\/v2\/posts\/10355","targetHints":{"allow":["GET"]}}],"collection":[{"href":"https:\/\/www.abchukuk.com\/index.php\/wp-json\/wp\/v2\/posts"}],"about":[{"href":"https:\/\/www.abchukuk.com\/index.php\/wp-json\/wp\/v2\/types\/post"}],"author":[{"embeddable":true,"href":"https:\/\/www.abchukuk.com\/index.php\/wp-json\/wp\/v2\/users\/1"}],"replies":[{"embeddable":true,"href":"https:\/\/www.abchukuk.com\/index.php\/wp-json\/wp\/v2\/comments?post=10355"}],"version-history":[{"count":0,"href":"https:\/\/www.abchukuk.com\/index.php\/wp-json\/wp\/v2\/posts\/10355\/revisions"}],"wp:featuredmedia":[{"embeddable":true,"href":"https:\/\/www.abchukuk.com\/index.php\/wp-json\/wp\/v2\/media\/10356"}],"wp:attachment":[{"href":"https:\/\/www.abchukuk.com\/index.php\/wp-json\/wp\/v2\/media?parent=10355"}],"wp:term":[{"taxonomy":"category","embeddable":true,"href":"https:\/\/www.abchukuk.com\/index.php\/wp-json\/wp\/v2\/categories?post=10355"},{"taxonomy":"post_tag","embeddable":true,"href":"https:\/\/www.abchukuk.com\/index.php\/wp-json\/wp\/v2\/tags?post=10355"}],"curies":[{"name":"wp","href":"https:\/\/api.w.org\/{rel}","templated":true}]}}