{"id":10353,"date":"2025-11-06T13:33:00","date_gmt":"2025-11-06T13:33:00","guid":{"rendered":"https:\/\/www.abchukuk.com\/index.php\/2025\/11\/06\/akpli-cumhurbaskani-erdogandan-chp-genel-baskani-ozgur-ozele-tazminat-davasi\/"},"modified":"2025-11-06T13:33:00","modified_gmt":"2025-11-06T13:33:00","slug":"akpli-cumhurbaskani-erdogandan-chp-genel-baskani-ozgur-ozele-tazminat-davasi","status":"publish","type":"post","link":"https:\/\/www.abchukuk.com\/index.php\/2025\/11\/06\/akpli-cumhurbaskani-erdogandan-chp-genel-baskani-ozgur-ozele-tazminat-davasi\/","title":{"rendered":"AKP&#8217;li Cumhurba\u015fkan\u0131 Erdo\u011fan&#8217;dan, CHP Genel Ba\u015fkan\u0131 \u00d6zg\u00fcr \u00d6zel&#8217;e tazminat davas\u0131"},"content":{"rendered":"<p>AKP&#8217;li Cumhurba\u015fkan\u0131 Recep Tayyip Erdo\u011fan, CHP Genel Ba\u015fkan\u0131 \u00d6zg\u00fcr \u00d6zel&#8217;e 5 Kas\u0131m&#8217;da \u00dcmraniye&#8217;de d\u00fczenlenen mitingde yapt\u0131\u011f\u0131 a\u00e7\u0131klamas\u0131nda sarf etti\u011fi s\u00f6zler nedeniyle 500 bin liral\u0131k manevi tazminat davas\u0131 a\u00e7t\u0131.AKP&#8217;li Cumhurba\u015fkan\u0131 Recep Tayyip Erdo\u011fan, CHP Genel Ba\u015fkan\u0131 \u00d6zg\u00fcr \u00d6zel&#8217;e 5 Kas\u0131m&#8217;da \u00dcmraniye&#8217;de d\u00fczenlenen mitingde yapt\u0131\u011f\u0131 a\u00e7\u0131klamas\u0131nda sarf etti\u011fi s\u00f6zler nedeniyle 500 bin liral\u0131k manevi tazminat davas\u0131 a\u00e7t\u0131.\u00a0<a href=\"https:\/\/www.cumhuriyet.com.tr\/turkiye\/akp-li-cumhurbaskani-erdogan-dan-chp-genel-baskani-ozgur-ozel-e-tazminat-davasi-2450424\" target=\"_blank\" class=\"feedzy-rss-link-icon\">Read More<\/a><\/p>","protected":false},"excerpt":{"rendered":"<p>AKP&#8217;li Cumhurba\u015fkan\u0131 Recep Tayyip Erdo\u011fan, CHP Genel Ba\u015fkan\u0131 \u00d6zg\u00fcr \u00d6zel&#8217;e 5 Kas\u0131m&#8217;da \u00dcmraniye&#8217;de d\u00fczenlenen mitingde yapt\u0131\u011f\u0131 a\u00e7\u0131klamas\u0131nda sarf etti\u011fi s\u00f6zler nedeniyle 500 bin liral\u0131k manevi tazminat davas\u0131 a\u00e7t\u0131.AKP&#8217;li Cumhurba\u015fkan\u0131 Recep Tayyip Erdo\u011fan, CHP Genel Ba\u015fkan\u0131 \u00d6zg\u00fcr \u00d6zel&#8217;e 5 Kas\u0131m&#8217;da \u00dcmraniye&#8217;de d\u00fczenlenen mitingde yapt\u0131\u011f\u0131 a\u00e7\u0131klamas\u0131nda sarf etti\u011fi s\u00f6zler nedeniyle 500 bin liral\u0131k manevi tazminat davas\u0131 a\u00e7t\u0131.\u00a0Read [&hellip;]<\/p>\n","protected":false},"author":1,"featured_media":10354,"comment_status":"open","ping_status":"open","sticky":false,"template":"","format":"standard","meta":{"footnotes":"","_links_to":"","_links_to_target":""},"categories":[1],"tags":[],"class_list":["post-10353","post","type-post","status-publish","format-standard","has-post-thumbnail","hentry","category-haberler"],"_links":{"self":[{"href":"https:\/\/www.abchukuk.com\/index.php\/wp-json\/wp\/v2\/posts\/10353","targetHints":{"allow":["GET"]}}],"collection":[{"href":"https:\/\/www.abchukuk.com\/index.php\/wp-json\/wp\/v2\/posts"}],"about":[{"href":"https:\/\/www.abchukuk.com\/index.php\/wp-json\/wp\/v2\/types\/post"}],"author":[{"embeddable":true,"href":"https:\/\/www.abchukuk.com\/index.php\/wp-json\/wp\/v2\/users\/1"}],"replies":[{"embeddable":true,"href":"https:\/\/www.abchukuk.com\/index.php\/wp-json\/wp\/v2\/comments?post=10353"}],"version-history":[{"count":0,"href":"https:\/\/www.abchukuk.com\/index.php\/wp-json\/wp\/v2\/posts\/10353\/revisions"}],"wp:featuredmedia":[{"embeddable":true,"href":"https:\/\/www.abchukuk.com\/index.php\/wp-json\/wp\/v2\/media\/10354"}],"wp:attachment":[{"href":"https:\/\/www.abchukuk.com\/index.php\/wp-json\/wp\/v2\/media?parent=10353"}],"wp:term":[{"taxonomy":"category","embeddable":true,"href":"https:\/\/www.abchukuk.com\/index.php\/wp-json\/wp\/v2\/categories?post=10353"},{"taxonomy":"post_tag","embeddable":true,"href":"https:\/\/www.abchukuk.com\/index.php\/wp-json\/wp\/v2\/tags?post=10353"}],"curies":[{"name":"wp","href":"https:\/\/api.w.org\/{rel}","templated":true}]}}