{"id":10351,"date":"2025-11-06T12:23:00","date_gmt":"2025-11-06T12:23:00","guid":{"rendered":"https:\/\/www.abchukuk.com\/index.php\/2025\/11\/06\/aymnin-tayfun-kahraman-kararina-uyulmadi-avukati-cansu-ciftciden-cumhuriyet-tvde-aciklama\/"},"modified":"2025-11-06T12:23:00","modified_gmt":"2025-11-06T12:23:00","slug":"aymnin-tayfun-kahraman-kararina-uyulmadi-avukati-cansu-ciftciden-cumhuriyet-tvde-aciklama","status":"publish","type":"post","link":"https:\/\/www.abchukuk.com\/index.php\/2025\/11\/06\/aymnin-tayfun-kahraman-kararina-uyulmadi-avukati-cansu-ciftciden-cumhuriyet-tvde-aciklama\/","title":{"rendered":"AYM&#8217;nin Tayfun Kahraman karar\u0131na uyulmad\u0131! Avukat\u0131 Cansu \u00c7ift\u00e7i&#8217;den Cumhuriyet TV&#8217;de a\u00e7\u0131klama"},"content":{"rendered":"<p>\u0130stanbul 13. A\u011f\u0131r Ceza Mahkemesi, Tayfun Kahraman hakk\u0131nda AYM\u2019nin verdi\u011fi hak ihlali karar\u0131 \u00fczerine yap\u0131lan yeniden yarg\u0131lama talebini reddetti. Karar\u0131n ard\u0131ndan Kahraman\u2019\u0131n avukat\u0131 Cansu \u00c7ift\u00e7i Cumhuriyet TV\u2019de konu\u015ftu.\u0130stanbul 13. A\u011f\u0131r Ceza Mahkemesi, Tayfun Kahraman hakk\u0131nda AYM\u2019nin verdi\u011fi hak ihlali karar\u0131 \u00fczerine yap\u0131lan yeniden yarg\u0131lama talebini reddetti. Karar\u0131n ard\u0131ndan Kahraman\u2019\u0131n avukat\u0131 Cansu \u00c7ift\u00e7i Cumhuriyet TV\u2019de konu\u015ftu.\u00a0<a href=\"https:\/\/www.cumhuriyet.com.tr\/turkiye\/aym-nin-tayfun-kahraman-kararina-uyulmadi-avukati-cansu-ciftci-den-cumhuriyet-tv-de-aciklama-2450384\" target=\"_blank\" class=\"feedzy-rss-link-icon\">Read More<\/a><\/p>","protected":false},"excerpt":{"rendered":"<p>\u0130stanbul 13. A\u011f\u0131r Ceza Mahkemesi, Tayfun Kahraman hakk\u0131nda AYM\u2019nin verdi\u011fi hak ihlali karar\u0131 \u00fczerine yap\u0131lan yeniden yarg\u0131lama talebini reddetti. Karar\u0131n ard\u0131ndan Kahraman\u2019\u0131n avukat\u0131 Cansu \u00c7ift\u00e7i Cumhuriyet TV\u2019de konu\u015ftu.\u0130stanbul 13. A\u011f\u0131r Ceza Mahkemesi, Tayfun Kahraman hakk\u0131nda AYM\u2019nin verdi\u011fi hak ihlali karar\u0131 \u00fczerine yap\u0131lan yeniden yarg\u0131lama talebini reddetti. Karar\u0131n ard\u0131ndan Kahraman\u2019\u0131n avukat\u0131 Cansu \u00c7ift\u00e7i Cumhuriyet TV\u2019de konu\u015ftu.\u00a0Read [&hellip;]<\/p>\n","protected":false},"author":1,"featured_media":10352,"comment_status":"open","ping_status":"open","sticky":false,"template":"","format":"standard","meta":{"footnotes":"","_links_to":"","_links_to_target":""},"categories":[1],"tags":[],"class_list":["post-10351","post","type-post","status-publish","format-standard","has-post-thumbnail","hentry","category-haberler"],"_links":{"self":[{"href":"https:\/\/www.abchukuk.com\/index.php\/wp-json\/wp\/v2\/posts\/10351","targetHints":{"allow":["GET"]}}],"collection":[{"href":"https:\/\/www.abchukuk.com\/index.php\/wp-json\/wp\/v2\/posts"}],"about":[{"href":"https:\/\/www.abchukuk.com\/index.php\/wp-json\/wp\/v2\/types\/post"}],"author":[{"embeddable":true,"href":"https:\/\/www.abchukuk.com\/index.php\/wp-json\/wp\/v2\/users\/1"}],"replies":[{"embeddable":true,"href":"https:\/\/www.abchukuk.com\/index.php\/wp-json\/wp\/v2\/comments?post=10351"}],"version-history":[{"count":0,"href":"https:\/\/www.abchukuk.com\/index.php\/wp-json\/wp\/v2\/posts\/10351\/revisions"}],"wp:featuredmedia":[{"embeddable":true,"href":"https:\/\/www.abchukuk.com\/index.php\/wp-json\/wp\/v2\/media\/10352"}],"wp:attachment":[{"href":"https:\/\/www.abchukuk.com\/index.php\/wp-json\/wp\/v2\/media?parent=10351"}],"wp:term":[{"taxonomy":"category","embeddable":true,"href":"https:\/\/www.abchukuk.com\/index.php\/wp-json\/wp\/v2\/categories?post=10351"},{"taxonomy":"post_tag","embeddable":true,"href":"https:\/\/www.abchukuk.com\/index.php\/wp-json\/wp\/v2\/tags?post=10351"}],"curies":[{"name":"wp","href":"https:\/\/api.w.org\/{rel}","templated":true}]}}