{"id":10349,"date":"2025-11-06T12:37:00","date_gmt":"2025-11-06T12:37:00","guid":{"rendered":"https:\/\/www.abchukuk.com\/index.php\/2025\/11\/06\/chpli-sezgin-tanrikulundan-tayfun-kahraman-tepkisi-yerel-mahkeme-suc-isliyor\/"},"modified":"2025-11-06T12:37:00","modified_gmt":"2025-11-06T12:37:00","slug":"chpli-sezgin-tanrikulundan-tayfun-kahraman-tepkisi-yerel-mahkeme-suc-isliyor","status":"publish","type":"post","link":"https:\/\/www.abchukuk.com\/index.php\/2025\/11\/06\/chpli-sezgin-tanrikulundan-tayfun-kahraman-tepkisi-yerel-mahkeme-suc-isliyor\/","title":{"rendered":"CHP&#8217;li Sezgin Tanr\u0131kulu&#8217;ndan Tayfun Kahraman tepkisi! &#8216;Yerel mahkeme su\u00e7 i\u015fliyor&#8217;"},"content":{"rendered":"<p>\u0130stanbul 13. A\u011f\u0131r Ceza Mahkemesi&#8217;nin AYM&#8217;nin Tayfun Kahraman&#8217;a ili\u015fkin verdi\u011fi yeniden yarg\u0131lanma karar\u0131n\u0131 reddetmesine tepkiler s\u00fcr\u00fcyor. CHP&#8217;li Sezgin Tanr\u0131kulu konuya dair yapt\u0131\u011f\u0131 de\u011ferlendirmede &#8220;yerel mahkeme su\u00e7 i\u015fliyo. Bu s\u00fcre\u00e7lere Anayasa kurban edilmemeli&#8221; dedi.\u0130stanbul 13. A\u011f\u0131r Ceza Mahkemesi&#8217;nin AYM&#8217;nin Tayfun Kahraman&#8217;a ili\u015fkin verdi\u011fi yeniden yarg\u0131lanma karar\u0131n\u0131 reddetmesine tepkiler s\u00fcr\u00fcyor. CHP&#8217;li Sezgin Tanr\u0131kulu konuya dair yapt\u0131\u011f\u0131 de\u011ferlendirmede &#8220;yerel mahkeme su\u00e7 i\u015fliyo. Bu s\u00fcre\u00e7lere Anayasa kurban edilmemeli&#8221; dedi.\u00a0<a href=\"https:\/\/www.cumhuriyet.com.tr\/siyaset\/chp-li-sezgin-tanrikulu-ndan-tayfun-kahraman-tepkisi-yerel-mahkeme-suc-isliyor-2450403\" target=\"_blank\" class=\"feedzy-rss-link-icon\">Read More<\/a><\/p>","protected":false},"excerpt":{"rendered":"<p>\u0130stanbul 13. A\u011f\u0131r Ceza Mahkemesi&#8217;nin AYM&#8217;nin Tayfun Kahraman&#8217;a ili\u015fkin verdi\u011fi yeniden yarg\u0131lanma karar\u0131n\u0131 reddetmesine tepkiler s\u00fcr\u00fcyor. CHP&#8217;li Sezgin Tanr\u0131kulu konuya dair yapt\u0131\u011f\u0131 de\u011ferlendirmede &#8220;yerel mahkeme su\u00e7 i\u015fliyo. Bu s\u00fcre\u00e7lere Anayasa kurban edilmemeli&#8221; dedi.\u0130stanbul 13. A\u011f\u0131r Ceza Mahkemesi&#8217;nin AYM&#8217;nin Tayfun Kahraman&#8217;a ili\u015fkin verdi\u011fi yeniden yarg\u0131lanma karar\u0131n\u0131 reddetmesine tepkiler s\u00fcr\u00fcyor. CHP&#8217;li Sezgin Tanr\u0131kulu konuya dair yapt\u0131\u011f\u0131 de\u011ferlendirmede [&hellip;]<\/p>\n","protected":false},"author":1,"featured_media":10350,"comment_status":"open","ping_status":"open","sticky":false,"template":"","format":"standard","meta":{"footnotes":"","_links_to":"","_links_to_target":""},"categories":[1],"tags":[],"class_list":["post-10349","post","type-post","status-publish","format-standard","has-post-thumbnail","hentry","category-haberler"],"_links":{"self":[{"href":"https:\/\/www.abchukuk.com\/index.php\/wp-json\/wp\/v2\/posts\/10349","targetHints":{"allow":["GET"]}}],"collection":[{"href":"https:\/\/www.abchukuk.com\/index.php\/wp-json\/wp\/v2\/posts"}],"about":[{"href":"https:\/\/www.abchukuk.com\/index.php\/wp-json\/wp\/v2\/types\/post"}],"author":[{"embeddable":true,"href":"https:\/\/www.abchukuk.com\/index.php\/wp-json\/wp\/v2\/users\/1"}],"replies":[{"embeddable":true,"href":"https:\/\/www.abchukuk.com\/index.php\/wp-json\/wp\/v2\/comments?post=10349"}],"version-history":[{"count":0,"href":"https:\/\/www.abchukuk.com\/index.php\/wp-json\/wp\/v2\/posts\/10349\/revisions"}],"wp:featuredmedia":[{"embeddable":true,"href":"https:\/\/www.abchukuk.com\/index.php\/wp-json\/wp\/v2\/media\/10350"}],"wp:attachment":[{"href":"https:\/\/www.abchukuk.com\/index.php\/wp-json\/wp\/v2\/media?parent=10349"}],"wp:term":[{"taxonomy":"category","embeddable":true,"href":"https:\/\/www.abchukuk.com\/index.php\/wp-json\/wp\/v2\/categories?post=10349"},{"taxonomy":"post_tag","embeddable":true,"href":"https:\/\/www.abchukuk.com\/index.php\/wp-json\/wp\/v2\/tags?post=10349"}],"curies":[{"name":"wp","href":"https:\/\/api.w.org\/{rel}","templated":true}]}}