{"id":10347,"date":"2025-11-06T12:39:00","date_gmt":"2025-11-06T12:39:00","guid":{"rendered":"https:\/\/www.abchukuk.com\/index.php\/2025\/11\/06\/selahattin-demirtas-kac-yildir-hapiste-selahattin-demirtas-neden-tutuklu-selahattin-demirtas-tahliye-edilecek-mi\/"},"modified":"2025-11-06T12:39:00","modified_gmt":"2025-11-06T12:39:00","slug":"selahattin-demirtas-kac-yildir-hapiste-selahattin-demirtas-neden-tutuklu-selahattin-demirtas-tahliye-edilecek-mi","status":"publish","type":"post","link":"https:\/\/www.abchukuk.com\/index.php\/2025\/11\/06\/selahattin-demirtas-kac-yildir-hapiste-selahattin-demirtas-neden-tutuklu-selahattin-demirtas-tahliye-edilecek-mi\/","title":{"rendered":"Selahattin Demirta\u015f ka\u00e7 y\u0131ld\u0131r hapiste? Selahattin Demirta\u015f neden tutuklu? Selahattin Demirta\u015f tahliye edilecek mi?"},"content":{"rendered":"<p>MHP Lideri Devlet Bah\u00e7eli&#8217;nin Selahattin Demirta\u015f&#8217;a y\u00f6nelik a\u00e7\u0131klamas\u0131yla Demirta\u015f hakk\u0131nda tahliye ihtimali merak ediliyor. Peki, Selahattin Demirta\u015f ka\u00e7 y\u0131ld\u0131r hapiste? Selahattin Demirta\u015f neden tutuklu? Selahattin Demirta\u015f tahliye edilecek mi?MHP Lideri Devlet Bah\u00e7eli&#8217;nin Selahattin Demirta\u015f&#8217;a y\u00f6nelik a\u00e7\u0131klamas\u0131yla Demirta\u015f hakk\u0131nda tahliye ihtimali merak ediliyor. Peki, Selahattin Demirta\u015f ka\u00e7 y\u0131ld\u0131r hapiste? Selahattin Demirta\u015f neden tutuklu? Selahattin Demirta\u015f tahliye edilecek mi?\u00a0<a href=\"https:\/\/www.cumhuriyet.com.tr\/turkiye\/selahattin-demirtas-kac-yildir-hapiste-selahattin-demirtas-neden-tutuklu-selahattin-demirtas-tahliye-edilecek-mi-2450404\" target=\"_blank\" class=\"feedzy-rss-link-icon\">Read More<\/a><\/p>","protected":false},"excerpt":{"rendered":"<p>MHP Lideri Devlet Bah\u00e7eli&#8217;nin Selahattin Demirta\u015f&#8217;a y\u00f6nelik a\u00e7\u0131klamas\u0131yla Demirta\u015f hakk\u0131nda tahliye ihtimali merak ediliyor. Peki, Selahattin Demirta\u015f ka\u00e7 y\u0131ld\u0131r hapiste? Selahattin Demirta\u015f neden tutuklu? Selahattin Demirta\u015f tahliye edilecek mi?MHP Lideri Devlet Bah\u00e7eli&#8217;nin Selahattin Demirta\u015f&#8217;a y\u00f6nelik a\u00e7\u0131klamas\u0131yla Demirta\u015f hakk\u0131nda tahliye ihtimali merak ediliyor. Peki, Selahattin Demirta\u015f ka\u00e7 y\u0131ld\u0131r hapiste? Selahattin Demirta\u015f neden tutuklu? Selahattin Demirta\u015f tahliye [&hellip;]<\/p>\n","protected":false},"author":1,"featured_media":10348,"comment_status":"open","ping_status":"open","sticky":false,"template":"","format":"standard","meta":{"footnotes":"","_links_to":"","_links_to_target":""},"categories":[1],"tags":[],"class_list":["post-10347","post","type-post","status-publish","format-standard","has-post-thumbnail","hentry","category-haberler"],"_links":{"self":[{"href":"https:\/\/www.abchukuk.com\/index.php\/wp-json\/wp\/v2\/posts\/10347","targetHints":{"allow":["GET"]}}],"collection":[{"href":"https:\/\/www.abchukuk.com\/index.php\/wp-json\/wp\/v2\/posts"}],"about":[{"href":"https:\/\/www.abchukuk.com\/index.php\/wp-json\/wp\/v2\/types\/post"}],"author":[{"embeddable":true,"href":"https:\/\/www.abchukuk.com\/index.php\/wp-json\/wp\/v2\/users\/1"}],"replies":[{"embeddable":true,"href":"https:\/\/www.abchukuk.com\/index.php\/wp-json\/wp\/v2\/comments?post=10347"}],"version-history":[{"count":0,"href":"https:\/\/www.abchukuk.com\/index.php\/wp-json\/wp\/v2\/posts\/10347\/revisions"}],"wp:featuredmedia":[{"embeddable":true,"href":"https:\/\/www.abchukuk.com\/index.php\/wp-json\/wp\/v2\/media\/10348"}],"wp:attachment":[{"href":"https:\/\/www.abchukuk.com\/index.php\/wp-json\/wp\/v2\/media?parent=10347"}],"wp:term":[{"taxonomy":"category","embeddable":true,"href":"https:\/\/www.abchukuk.com\/index.php\/wp-json\/wp\/v2\/categories?post=10347"},{"taxonomy":"post_tag","embeddable":true,"href":"https:\/\/www.abchukuk.com\/index.php\/wp-json\/wp\/v2\/tags?post=10347"}],"curies":[{"name":"wp","href":"https:\/\/api.w.org\/{rel}","templated":true}]}}