{"id":10345,"date":"2025-11-06T12:57:00","date_gmt":"2025-11-06T12:57:00","guid":{"rendered":"https:\/\/www.abchukuk.com\/index.php\/2025\/11\/06\/trumpin-gumruk-vergilerine-yuksek-mahkemeden-darbe-iptal-karari-gundemde\/"},"modified":"2025-11-06T12:57:00","modified_gmt":"2025-11-06T12:57:00","slug":"trumpin-gumruk-vergilerine-yuksek-mahkemeden-darbe-iptal-karari-gundemde","status":"publish","type":"post","link":"https:\/\/www.abchukuk.com\/index.php\/2025\/11\/06\/trumpin-gumruk-vergilerine-yuksek-mahkemeden-darbe-iptal-karari-gundemde\/","title":{"rendered":"Trump\u2019\u0131n g\u00fcmr\u00fck vergilerine Y\u00fcksek Mahkeme\u2019den darbe: \u0130ptal karar\u0131 g\u00fcndemde"},"content":{"rendered":"<p>ABD Y\u00fcksek Mahkemesi\u2019nin Ba\u015fkan Donald Trump\u2019\u0131n g\u00fcmr\u00fck vergilerine ili\u015fkin yetkisini sorgulamas\u0131, ticaret politikalar\u0131nda yeni bir d\u00f6nemin kap\u0131s\u0131n\u0131 aralad\u0131. Karar\u0131n, k\u00fcresel ticarette belirsizli\u011fi art\u0131rmas\u0131 ve ekonomi politikalar\u0131n\u0131 yeniden \u015fekillendirmesi bekleniyor.ABD Y\u00fcksek Mahkemesi\u2019nin Ba\u015fkan Donald Trump\u2019\u0131n g\u00fcmr\u00fck vergilerine ili\u015fkin yetkisini sorgulamas\u0131, ticaret politikalar\u0131nda yeni bir d\u00f6nemin kap\u0131s\u0131n\u0131 aralad\u0131. Karar\u0131n, k\u00fcresel ticarette belirsizli\u011fi art\u0131rmas\u0131 ve ekonomi politikalar\u0131n\u0131 yeniden \u015fekillendirmesi bekleniyor.\u00a0<a href=\"https:\/\/www.cumhuriyet.com.tr\/ekonomi\/trump-in-gumruk-vergilerine-yuksek-mahkeme-den-darbe-iptal-karari-gundemde-2450409\" target=\"_blank\" class=\"feedzy-rss-link-icon\">Read More<\/a><\/p>","protected":false},"excerpt":{"rendered":"<p>ABD Y\u00fcksek Mahkemesi\u2019nin Ba\u015fkan Donald Trump\u2019\u0131n g\u00fcmr\u00fck vergilerine ili\u015fkin yetkisini sorgulamas\u0131, ticaret politikalar\u0131nda yeni bir d\u00f6nemin kap\u0131s\u0131n\u0131 aralad\u0131. Karar\u0131n, k\u00fcresel ticarette belirsizli\u011fi art\u0131rmas\u0131 ve ekonomi politikalar\u0131n\u0131 yeniden \u015fekillendirmesi bekleniyor.ABD Y\u00fcksek Mahkemesi\u2019nin Ba\u015fkan Donald Trump\u2019\u0131n g\u00fcmr\u00fck vergilerine ili\u015fkin yetkisini sorgulamas\u0131, ticaret politikalar\u0131nda yeni bir d\u00f6nemin kap\u0131s\u0131n\u0131 aralad\u0131. Karar\u0131n, k\u00fcresel ticarette belirsizli\u011fi art\u0131rmas\u0131 ve ekonomi politikalar\u0131n\u0131 yeniden [&hellip;]<\/p>\n","protected":false},"author":1,"featured_media":10346,"comment_status":"open","ping_status":"open","sticky":false,"template":"","format":"standard","meta":{"footnotes":"","_links_to":"","_links_to_target":""},"categories":[1],"tags":[],"class_list":["post-10345","post","type-post","status-publish","format-standard","has-post-thumbnail","hentry","category-haberler"],"_links":{"self":[{"href":"https:\/\/www.abchukuk.com\/index.php\/wp-json\/wp\/v2\/posts\/10345","targetHints":{"allow":["GET"]}}],"collection":[{"href":"https:\/\/www.abchukuk.com\/index.php\/wp-json\/wp\/v2\/posts"}],"about":[{"href":"https:\/\/www.abchukuk.com\/index.php\/wp-json\/wp\/v2\/types\/post"}],"author":[{"embeddable":true,"href":"https:\/\/www.abchukuk.com\/index.php\/wp-json\/wp\/v2\/users\/1"}],"replies":[{"embeddable":true,"href":"https:\/\/www.abchukuk.com\/index.php\/wp-json\/wp\/v2\/comments?post=10345"}],"version-history":[{"count":0,"href":"https:\/\/www.abchukuk.com\/index.php\/wp-json\/wp\/v2\/posts\/10345\/revisions"}],"wp:featuredmedia":[{"embeddable":true,"href":"https:\/\/www.abchukuk.com\/index.php\/wp-json\/wp\/v2\/media\/10346"}],"wp:attachment":[{"href":"https:\/\/www.abchukuk.com\/index.php\/wp-json\/wp\/v2\/media?parent=10345"}],"wp:term":[{"taxonomy":"category","embeddable":true,"href":"https:\/\/www.abchukuk.com\/index.php\/wp-json\/wp\/v2\/categories?post=10345"},{"taxonomy":"post_tag","embeddable":true,"href":"https:\/\/www.abchukuk.com\/index.php\/wp-json\/wp\/v2\/tags?post=10345"}],"curies":[{"name":"wp","href":"https:\/\/api.w.org\/{rel}","templated":true}]}}