{"id":10341,"date":"2025-11-06T11:45:00","date_gmt":"2025-11-06T11:45:00","guid":{"rendered":"https:\/\/www.abchukuk.com\/index.php\/2025\/11\/06\/adi-da-yasi-da-sahte-cikti-super-ligde-de-forma-giyen-carlos-ponck-gozaltina-alindi\/"},"modified":"2025-11-06T11:45:00","modified_gmt":"2025-11-06T11:45:00","slug":"adi-da-yasi-da-sahte-cikti-super-ligde-de-forma-giyen-carlos-ponck-gozaltina-alindi","status":"publish","type":"post","link":"https:\/\/www.abchukuk.com\/index.php\/2025\/11\/06\/adi-da-yasi-da-sahte-cikti-super-ligde-de-forma-giyen-carlos-ponck-gozaltina-alindi\/","title":{"rendered":"Ad\u0131 da ya\u015f\u0131 da sahte \u00e7\u0131kt\u0131&#8230; S\u00fcper Lig&#8217;de de forma giyen Carlos Ponck g\u00f6zalt\u0131na al\u0131nd\u0131"},"content":{"rendered":"<p>Portekiz&#8217;in AVS tak\u0131m\u0131na transfer olan Carlos Ponck&#8217;un do\u011fum tarihi ve ad\u0131n\u0131n ger\u00e7ek olmad\u0131\u011f\u0131 ve belgede sahtecilik yapt\u0131\u011f\u0131 iddias\u0131yla g\u00f6zalt\u0131na al\u0131nd\u0131\u011f\u0131 ileri s\u00fcr\u00fcld\u00fc. Carlos Ponck, S\u00fcper Lig&#8217;de Ba\u015fak\u015fehir ile Rizespor&#8217;da da oynam\u0131\u015ft\u0131.Portekiz&#8217;in AVS tak\u0131m\u0131na transfer olan Carlos Ponck&#8217;un do\u011fum tarihi ve ad\u0131n\u0131n ger\u00e7ek olmad\u0131\u011f\u0131 ve belgede sahtecilik yapt\u0131\u011f\u0131 iddias\u0131yla g\u00f6zalt\u0131na al\u0131nd\u0131\u011f\u0131 ileri s\u00fcr\u00fcld\u00fc. Carlos Ponck, S\u00fcper Lig&#8217;de Ba\u015fak\u015fehir ile Rizespor&#8217;da da oynam\u0131\u015ft\u0131.\u00a0<a href=\"https:\/\/www.cumhuriyet.com.tr\/spor\/adi-da-yasi-da-sahte-cikti-super-lig-de-de-forma-giyen-carlos-ponck-gozaltina-alindi-2450376\" target=\"_blank\" class=\"feedzy-rss-link-icon\">Read More<\/a><\/p>","protected":false},"excerpt":{"rendered":"<p>Portekiz&#8217;in AVS tak\u0131m\u0131na transfer olan Carlos Ponck&#8217;un do\u011fum tarihi ve ad\u0131n\u0131n ger\u00e7ek olmad\u0131\u011f\u0131 ve belgede sahtecilik yapt\u0131\u011f\u0131 iddias\u0131yla g\u00f6zalt\u0131na al\u0131nd\u0131\u011f\u0131 ileri s\u00fcr\u00fcld\u00fc. Carlos Ponck, S\u00fcper Lig&#8217;de Ba\u015fak\u015fehir ile Rizespor&#8217;da da oynam\u0131\u015ft\u0131.Portekiz&#8217;in AVS tak\u0131m\u0131na transfer olan Carlos Ponck&#8217;un do\u011fum tarihi ve ad\u0131n\u0131n ger\u00e7ek olmad\u0131\u011f\u0131 ve belgede sahtecilik yapt\u0131\u011f\u0131 iddias\u0131yla g\u00f6zalt\u0131na al\u0131nd\u0131\u011f\u0131 ileri s\u00fcr\u00fcld\u00fc. Carlos Ponck, S\u00fcper [&hellip;]<\/p>\n","protected":false},"author":1,"featured_media":10342,"comment_status":"open","ping_status":"open","sticky":false,"template":"","format":"standard","meta":{"footnotes":"","_links_to":"","_links_to_target":""},"categories":[1],"tags":[],"class_list":["post-10341","post","type-post","status-publish","format-standard","has-post-thumbnail","hentry","category-haberler"],"_links":{"self":[{"href":"https:\/\/www.abchukuk.com\/index.php\/wp-json\/wp\/v2\/posts\/10341","targetHints":{"allow":["GET"]}}],"collection":[{"href":"https:\/\/www.abchukuk.com\/index.php\/wp-json\/wp\/v2\/posts"}],"about":[{"href":"https:\/\/www.abchukuk.com\/index.php\/wp-json\/wp\/v2\/types\/post"}],"author":[{"embeddable":true,"href":"https:\/\/www.abchukuk.com\/index.php\/wp-json\/wp\/v2\/users\/1"}],"replies":[{"embeddable":true,"href":"https:\/\/www.abchukuk.com\/index.php\/wp-json\/wp\/v2\/comments?post=10341"}],"version-history":[{"count":0,"href":"https:\/\/www.abchukuk.com\/index.php\/wp-json\/wp\/v2\/posts\/10341\/revisions"}],"wp:featuredmedia":[{"embeddable":true,"href":"https:\/\/www.abchukuk.com\/index.php\/wp-json\/wp\/v2\/media\/10342"}],"wp:attachment":[{"href":"https:\/\/www.abchukuk.com\/index.php\/wp-json\/wp\/v2\/media?parent=10341"}],"wp:term":[{"taxonomy":"category","embeddable":true,"href":"https:\/\/www.abchukuk.com\/index.php\/wp-json\/wp\/v2\/categories?post=10341"},{"taxonomy":"post_tag","embeddable":true,"href":"https:\/\/www.abchukuk.com\/index.php\/wp-json\/wp\/v2\/tags?post=10341"}],"curies":[{"name":"wp","href":"https:\/\/api.w.org\/{rel}","templated":true}]}}