{"id":10339,"date":"2025-11-06T10:04:00","date_gmt":"2025-11-06T10:04:00","guid":{"rendered":"https:\/\/www.abchukuk.com\/index.php\/2025\/11\/06\/aym-hak-ihlali-demisti-mahkemeden-tayfun-kahraman-karari\/"},"modified":"2025-11-06T10:04:00","modified_gmt":"2025-11-06T10:04:00","slug":"aym-hak-ihlali-demisti-mahkemeden-tayfun-kahraman-karari","status":"publish","type":"post","link":"https:\/\/www.abchukuk.com\/index.php\/2025\/11\/06\/aym-hak-ihlali-demisti-mahkemeden-tayfun-kahraman-karari\/","title":{"rendered":"AYM &#8216;Hak \u0130hlali&#8217; Demi\u015fti: Mahkemeden Tayfun Kahraman Karar\u0131"},"content":{"rendered":"<p><a href=\"https:\/\/www.gercekgundem.com\/guncel\/aym-hak-ihlali-demisti-mahkemeden-tayfun-kahraman-karari-561554\"><br \/>\n                                                            <img decoding=\"async\" src=\"https:\/\/i.gercekgundem.com\/2\/150\/84\/storage\/files\/images\/2025\/11\/06\/aym-hak-ihlali-demisti-mahkemeden-tayfun-kahraman-karari-kzcf.jpg\" width=\"150\" height=\"84\" border=\"0\" align=\"right\" \/><br \/>\n                                                    <\/a><\/p>\n<h4>\u0130stanbul 13. A\u011f\u0131r Ceza Mahkemesi, Gezi tutuklusu Tayfun Kahraman hakk\u0131nda Anayasa Mahkemesi&#8217;nin verdi\u011fi hak ihlali karar\u0131 \u00fczerine yap\u0131lan yeniden yarg\u0131lama talebini reddetti.<\/h4>\n<p>\u0130stanbul 13. A\u011f\u0131r Ceza Mahkemesi, Gezi tutuklusu Tayfun Kahraman hakk\u0131nda Anayasa Mahkemesi&#8217;nin verdi\u011fi hak ihlali karar\u0131 \u00fczerine yap\u0131lan yeniden yarg\u0131lama talebini reddetti.\u00a0<a href=\"https:\/\/www.gercekgundem.com\/guncel\/aym-hak-ihlali-demisti-mahkemeden-tayfun-kahraman-karari-561554\" target=\"_blank\" class=\"feedzy-rss-link-icon\">Read More<\/a><\/p>","protected":false},"excerpt":{"rendered":"<p>\u0130stanbul 13. A\u011f\u0131r Ceza Mahkemesi, Gezi tutuklusu Tayfun Kahraman hakk\u0131nda Anayasa Mahkemesi&#8217;nin verdi\u011fi hak ihlali karar\u0131 \u00fczerine yap\u0131lan yeniden yarg\u0131lama talebini reddetti. \u0130stanbul 13. A\u011f\u0131r Ceza Mahkemesi, Gezi tutuklusu Tayfun Kahraman hakk\u0131nda Anayasa Mahkemesi&#8217;nin verdi\u011fi hak ihlali karar\u0131 \u00fczerine yap\u0131lan yeniden yarg\u0131lama talebini reddetti.\u00a0Read More<\/p>\n","protected":false},"author":1,"featured_media":10340,"comment_status":"open","ping_status":"open","sticky":false,"template":"","format":"standard","meta":{"footnotes":"","_links_to":"","_links_to_target":""},"categories":[1],"tags":[],"class_list":["post-10339","post","type-post","status-publish","format-standard","has-post-thumbnail","hentry","category-haberler"],"_links":{"self":[{"href":"https:\/\/www.abchukuk.com\/index.php\/wp-json\/wp\/v2\/posts\/10339","targetHints":{"allow":["GET"]}}],"collection":[{"href":"https:\/\/www.abchukuk.com\/index.php\/wp-json\/wp\/v2\/posts"}],"about":[{"href":"https:\/\/www.abchukuk.com\/index.php\/wp-json\/wp\/v2\/types\/post"}],"author":[{"embeddable":true,"href":"https:\/\/www.abchukuk.com\/index.php\/wp-json\/wp\/v2\/users\/1"}],"replies":[{"embeddable":true,"href":"https:\/\/www.abchukuk.com\/index.php\/wp-json\/wp\/v2\/comments?post=10339"}],"version-history":[{"count":0,"href":"https:\/\/www.abchukuk.com\/index.php\/wp-json\/wp\/v2\/posts\/10339\/revisions"}],"wp:featuredmedia":[{"embeddable":true,"href":"https:\/\/www.abchukuk.com\/index.php\/wp-json\/wp\/v2\/media\/10340"}],"wp:attachment":[{"href":"https:\/\/www.abchukuk.com\/index.php\/wp-json\/wp\/v2\/media?parent=10339"}],"wp:term":[{"taxonomy":"category","embeddable":true,"href":"https:\/\/www.abchukuk.com\/index.php\/wp-json\/wp\/v2\/categories?post=10339"},{"taxonomy":"post_tag","embeddable":true,"href":"https:\/\/www.abchukuk.com\/index.php\/wp-json\/wp\/v2\/tags?post=10339"}],"curies":[{"name":"wp","href":"https:\/\/api.w.org\/{rel}","templated":true}]}}