{"id":10335,"date":"2025-11-06T10:23:00","date_gmt":"2025-11-06T10:23:00","guid":{"rendered":"https:\/\/www.abchukuk.com\/index.php\/2025\/11\/06\/istanbul-arnavutkoyde-istinat-duvari-yikildi-2-bina-tahliye-edildi\/"},"modified":"2025-11-06T10:23:00","modified_gmt":"2025-11-06T10:23:00","slug":"istanbul-arnavutkoyde-istinat-duvari-yikildi-2-bina-tahliye-edildi","status":"publish","type":"post","link":"https:\/\/www.abchukuk.com\/index.php\/2025\/11\/06\/istanbul-arnavutkoyde-istinat-duvari-yikildi-2-bina-tahliye-edildi\/","title":{"rendered":"\u0130stanbul Arnavutk\u00f6y&#8217;de istinat duvar\u0131 y\u0131k\u0131ld\u0131: 2 bina tahliye edildi!"},"content":{"rendered":"<p>\u0130stanbul&#8217;da bir binan\u0131n istinat duvar\u0131 yan tarafta bulunan 4 katl\u0131 apartman\u0131n zemin kat\u0131ndaki dairenin \u00fczerine y\u0131k\u0131ld\u0131. \u0130ki bina aras\u0131nda bulunan noktaya d\u00fc\u015fen beton par\u00e7alar\u0131 binalara zarar verdi. Binalar tahliye edildi.\u0130stanbul&#8217;da bir binan\u0131n istinat duvar\u0131 yan tarafta bulunan 4 katl\u0131 apartman\u0131n zemin kat\u0131ndaki dairenin \u00fczerine y\u0131k\u0131ld\u0131. \u0130ki bina aras\u0131nda bulunan noktaya d\u00fc\u015fen beton par\u00e7alar\u0131 binalara zarar verdi. Binalar tahliye edildi.\u00a0<a href=\"https:\/\/www.cumhuriyet.com.tr\/turkiye\/istanbul-arnavutkoy-de-istinat-duvari-yikildi-2-bina-tahliye-edildi-2450354\" target=\"_blank\" class=\"feedzy-rss-link-icon\">Read More<\/a><\/p>","protected":false},"excerpt":{"rendered":"<p>\u0130stanbul&#8217;da bir binan\u0131n istinat duvar\u0131 yan tarafta bulunan 4 katl\u0131 apartman\u0131n zemin kat\u0131ndaki dairenin \u00fczerine y\u0131k\u0131ld\u0131. \u0130ki bina aras\u0131nda bulunan noktaya d\u00fc\u015fen beton par\u00e7alar\u0131 binalara zarar verdi. Binalar tahliye edildi.\u0130stanbul&#8217;da bir binan\u0131n istinat duvar\u0131 yan tarafta bulunan 4 katl\u0131 apartman\u0131n zemin kat\u0131ndaki dairenin \u00fczerine y\u0131k\u0131ld\u0131. \u0130ki bina aras\u0131nda bulunan noktaya d\u00fc\u015fen beton par\u00e7alar\u0131 binalara zarar [&hellip;]<\/p>\n","protected":false},"author":1,"featured_media":10336,"comment_status":"open","ping_status":"open","sticky":false,"template":"","format":"standard","meta":{"footnotes":"","_links_to":"","_links_to_target":""},"categories":[1],"tags":[],"class_list":["post-10335","post","type-post","status-publish","format-standard","has-post-thumbnail","hentry","category-haberler"],"_links":{"self":[{"href":"https:\/\/www.abchukuk.com\/index.php\/wp-json\/wp\/v2\/posts\/10335","targetHints":{"allow":["GET"]}}],"collection":[{"href":"https:\/\/www.abchukuk.com\/index.php\/wp-json\/wp\/v2\/posts"}],"about":[{"href":"https:\/\/www.abchukuk.com\/index.php\/wp-json\/wp\/v2\/types\/post"}],"author":[{"embeddable":true,"href":"https:\/\/www.abchukuk.com\/index.php\/wp-json\/wp\/v2\/users\/1"}],"replies":[{"embeddable":true,"href":"https:\/\/www.abchukuk.com\/index.php\/wp-json\/wp\/v2\/comments?post=10335"}],"version-history":[{"count":0,"href":"https:\/\/www.abchukuk.com\/index.php\/wp-json\/wp\/v2\/posts\/10335\/revisions"}],"wp:featuredmedia":[{"embeddable":true,"href":"https:\/\/www.abchukuk.com\/index.php\/wp-json\/wp\/v2\/media\/10336"}],"wp:attachment":[{"href":"https:\/\/www.abchukuk.com\/index.php\/wp-json\/wp\/v2\/media?parent=10335"}],"wp:term":[{"taxonomy":"category","embeddable":true,"href":"https:\/\/www.abchukuk.com\/index.php\/wp-json\/wp\/v2\/categories?post=10335"},{"taxonomy":"post_tag","embeddable":true,"href":"https:\/\/www.abchukuk.com\/index.php\/wp-json\/wp\/v2\/tags?post=10335"}],"curies":[{"name":"wp","href":"https:\/\/api.w.org\/{rel}","templated":true}]}}