{"id":10329,"date":"2025-11-06T09:10:00","date_gmt":"2025-11-06T09:10:00","guid":{"rendered":"https:\/\/www.abchukuk.com\/index.php\/2025\/11\/06\/gazetecilere-operasyon-cgd-son-donemde-artan-fiili-gozalti-denilen-bu-uygulamalara-son-verilmelidir\/"},"modified":"2025-11-06T09:10:00","modified_gmt":"2025-11-06T09:10:00","slug":"gazetecilere-operasyon-cgd-son-donemde-artan-fiili-gozalti-denilen-bu-uygulamalara-son-verilmelidir","status":"publish","type":"post","link":"https:\/\/www.abchukuk.com\/index.php\/2025\/11\/06\/gazetecilere-operasyon-cgd-son-donemde-artan-fiili-gozalti-denilen-bu-uygulamalara-son-verilmelidir\/","title":{"rendered":"Gazetecilere operasyon&#8230; \u00c7GD: &#8216;Son d\u00f6nemde artan &#8216;fiili g\u00f6zalt\u0131&#8217; denilen bu uygulamalara son verilmelidir&#8217;"},"content":{"rendered":"<p>\u00c7a\u011fda\u015f Gazeteciler Derne\u011fi&#8217;nden, gazeteci \u015eaban Sevin\u00e7 ve Yavuz O\u011fhan\u2019\u0131n sabah saatlerinde ifadeleri al\u0131nmak \u00fczere \u0130stanbul Emniyet M\u00fcd\u00fcrl\u00fc\u011f\u00fc Mali \u015eube&#8217;ye g\u00f6t\u00fcr\u00fclmesine tepki g\u00f6sterdi.\u00c7a\u011fda\u015f Gazeteciler Derne\u011fi&#8217;nden, gazeteci \u015eaban Sevin\u00e7 ve Yavuz O\u011fhan\u2019\u0131n sabah saatlerinde ifadeleri al\u0131nmak \u00fczere \u0130stanbul Emniyet M\u00fcd\u00fcrl\u00fc\u011f\u00fc Mali \u015eube&#8217;ye g\u00f6t\u00fcr\u00fclmesine tepki g\u00f6sterdi.\u00a0<a href=\"https:\/\/www.cumhuriyet.com.tr\/turkiye\/gazetecilere-operasyon-cgd-son-donemde-artan-fiili-gozalti-denilen-bu-uygulamalara-son-verilmelidir-2450325\" target=\"_blank\" class=\"feedzy-rss-link-icon\">Read More<\/a><\/p>","protected":false},"excerpt":{"rendered":"<p>\u00c7a\u011fda\u015f Gazeteciler Derne\u011fi&#8217;nden, gazeteci \u015eaban Sevin\u00e7 ve Yavuz O\u011fhan\u2019\u0131n sabah saatlerinde ifadeleri al\u0131nmak \u00fczere \u0130stanbul Emniyet M\u00fcd\u00fcrl\u00fc\u011f\u00fc Mali \u015eube&#8217;ye g\u00f6t\u00fcr\u00fclmesine tepki g\u00f6sterdi.\u00c7a\u011fda\u015f Gazeteciler Derne\u011fi&#8217;nden, gazeteci \u015eaban Sevin\u00e7 ve Yavuz O\u011fhan\u2019\u0131n sabah saatlerinde ifadeleri al\u0131nmak \u00fczere \u0130stanbul Emniyet M\u00fcd\u00fcrl\u00fc\u011f\u00fc Mali \u015eube&#8217;ye g\u00f6t\u00fcr\u00fclmesine tepki g\u00f6sterdi.\u00a0Read More<\/p>\n","protected":false},"author":1,"featured_media":10330,"comment_status":"open","ping_status":"open","sticky":false,"template":"","format":"standard","meta":{"footnotes":"","_links_to":"","_links_to_target":""},"categories":[1],"tags":[],"class_list":["post-10329","post","type-post","status-publish","format-standard","has-post-thumbnail","hentry","category-haberler"],"_links":{"self":[{"href":"https:\/\/www.abchukuk.com\/index.php\/wp-json\/wp\/v2\/posts\/10329","targetHints":{"allow":["GET"]}}],"collection":[{"href":"https:\/\/www.abchukuk.com\/index.php\/wp-json\/wp\/v2\/posts"}],"about":[{"href":"https:\/\/www.abchukuk.com\/index.php\/wp-json\/wp\/v2\/types\/post"}],"author":[{"embeddable":true,"href":"https:\/\/www.abchukuk.com\/index.php\/wp-json\/wp\/v2\/users\/1"}],"replies":[{"embeddable":true,"href":"https:\/\/www.abchukuk.com\/index.php\/wp-json\/wp\/v2\/comments?post=10329"}],"version-history":[{"count":0,"href":"https:\/\/www.abchukuk.com\/index.php\/wp-json\/wp\/v2\/posts\/10329\/revisions"}],"wp:featuredmedia":[{"embeddable":true,"href":"https:\/\/www.abchukuk.com\/index.php\/wp-json\/wp\/v2\/media\/10330"}],"wp:attachment":[{"href":"https:\/\/www.abchukuk.com\/index.php\/wp-json\/wp\/v2\/media?parent=10329"}],"wp:term":[{"taxonomy":"category","embeddable":true,"href":"https:\/\/www.abchukuk.com\/index.php\/wp-json\/wp\/v2\/categories?post=10329"},{"taxonomy":"post_tag","embeddable":true,"href":"https:\/\/www.abchukuk.com\/index.php\/wp-json\/wp\/v2\/tags?post=10329"}],"curies":[{"name":"wp","href":"https:\/\/api.w.org\/{rel}","templated":true}]}}