{"id":10307,"date":"2025-11-06T06:47:00","date_gmt":"2025-11-06T06:47:00","guid":{"rendered":"https:\/\/www.abchukuk.com\/index.php\/2025\/11\/06\/gazetecilere-gozalti-dalgasi-siyasilerden-pes-pese-tepkiler\/"},"modified":"2025-11-06T06:47:00","modified_gmt":"2025-11-06T06:47:00","slug":"gazetecilere-gozalti-dalgasi-siyasilerden-pes-pese-tepkiler","status":"publish","type":"post","link":"https:\/\/www.abchukuk.com\/index.php\/2025\/11\/06\/gazetecilere-gozalti-dalgasi-siyasilerden-pes-pese-tepkiler\/","title":{"rendered":"Gazetecilere g\u00f6zalt\u0131 dalgas\u0131: Siyasilerden pe\u015f pe\u015fe tepkiler!"},"content":{"rendered":"<p>Siyasiler, Gazeteci \u015eaban Sevin\u00e7 ve Yavuz O\u011fhan\u2019\u0131n, sabah saatlerinde ifadeleri al\u0131nmak \u00fczere \u0130stanbul Emniyet M\u00fcd\u00fcrl\u00fc\u011f\u00fc Mali \u015eube&#8217;ye g\u00f6t\u00fcr\u00fclmesine tepki g\u00f6sterdi. \u00d6te yandan gazeteci Soner Yal\u00e7\u0131n ve Ayk\u0131r\u0131 Genel Yay\u0131n Y\u00f6netmeni Batuhan \u00c7olak\u2019\u0131n da \u0130stanbul\u2019da ifadeye g\u00f6t\u00fcr\u00fcld\u00fc\u011f\u00fc ifade edildi.Siyasiler, Gazeteci \u015eaban Sevin\u00e7 ve Yavuz O\u011fhan\u2019\u0131n, sabah saatlerinde ifadeleri al\u0131nmak \u00fczere \u0130stanbul Emniyet M\u00fcd\u00fcrl\u00fc\u011f\u00fc Mali \u015eube&#8217;ye g\u00f6t\u00fcr\u00fclmesine tepki g\u00f6sterdi. \u00d6te yandan gazeteci Soner Yal\u00e7\u0131n ve Ayk\u0131r\u0131 Genel Yay\u0131n Y\u00f6netmeni Batuhan \u00c7olak\u2019\u0131n da \u0130stanbul\u2019da ifadeye g\u00f6t\u00fcr\u00fcld\u00fc\u011f\u00fc ifade edildi.\u00a0<a href=\"https:\/\/www.cumhuriyet.com.tr\/siyaset\/gazetecilere-gozalti-dalgasi-siyasilerden-pes-pese-tepkiler-2450251\" target=\"_blank\" class=\"feedzy-rss-link-icon\">Read More<\/a><\/p>","protected":false},"excerpt":{"rendered":"<p>Siyasiler, Gazeteci \u015eaban Sevin\u00e7 ve Yavuz O\u011fhan\u2019\u0131n, sabah saatlerinde ifadeleri al\u0131nmak \u00fczere \u0130stanbul Emniyet M\u00fcd\u00fcrl\u00fc\u011f\u00fc Mali \u015eube&#8217;ye g\u00f6t\u00fcr\u00fclmesine tepki g\u00f6sterdi. \u00d6te yandan gazeteci Soner Yal\u00e7\u0131n ve Ayk\u0131r\u0131 Genel Yay\u0131n Y\u00f6netmeni Batuhan \u00c7olak\u2019\u0131n da \u0130stanbul\u2019da ifadeye g\u00f6t\u00fcr\u00fcld\u00fc\u011f\u00fc ifade edildi.Siyasiler, Gazeteci \u015eaban Sevin\u00e7 ve Yavuz O\u011fhan\u2019\u0131n, sabah saatlerinde ifadeleri al\u0131nmak \u00fczere \u0130stanbul Emniyet M\u00fcd\u00fcrl\u00fc\u011f\u00fc Mali \u015eube&#8217;ye g\u00f6t\u00fcr\u00fclmesine [&hellip;]<\/p>\n","protected":false},"author":1,"featured_media":10308,"comment_status":"open","ping_status":"open","sticky":false,"template":"","format":"standard","meta":{"footnotes":"","_links_to":"","_links_to_target":""},"categories":[1],"tags":[],"class_list":["post-10307","post","type-post","status-publish","format-standard","has-post-thumbnail","hentry","category-haberler"],"_links":{"self":[{"href":"https:\/\/www.abchukuk.com\/index.php\/wp-json\/wp\/v2\/posts\/10307","targetHints":{"allow":["GET"]}}],"collection":[{"href":"https:\/\/www.abchukuk.com\/index.php\/wp-json\/wp\/v2\/posts"}],"about":[{"href":"https:\/\/www.abchukuk.com\/index.php\/wp-json\/wp\/v2\/types\/post"}],"author":[{"embeddable":true,"href":"https:\/\/www.abchukuk.com\/index.php\/wp-json\/wp\/v2\/users\/1"}],"replies":[{"embeddable":true,"href":"https:\/\/www.abchukuk.com\/index.php\/wp-json\/wp\/v2\/comments?post=10307"}],"version-history":[{"count":0,"href":"https:\/\/www.abchukuk.com\/index.php\/wp-json\/wp\/v2\/posts\/10307\/revisions"}],"wp:featuredmedia":[{"embeddable":true,"href":"https:\/\/www.abchukuk.com\/index.php\/wp-json\/wp\/v2\/media\/10308"}],"wp:attachment":[{"href":"https:\/\/www.abchukuk.com\/index.php\/wp-json\/wp\/v2\/media?parent=10307"}],"wp:term":[{"taxonomy":"category","embeddable":true,"href":"https:\/\/www.abchukuk.com\/index.php\/wp-json\/wp\/v2\/categories?post=10307"},{"taxonomy":"post_tag","embeddable":true,"href":"https:\/\/www.abchukuk.com\/index.php\/wp-json\/wp\/v2\/tags?post=10307"}],"curies":[{"name":"wp","href":"https:\/\/api.w.org\/{rel}","templated":true}]}}