{"id":10301,"date":"2025-11-05T10:57:18","date_gmt":"2025-11-05T10:57:18","guid":{"rendered":"https:\/\/www.abchukuk.com\/index.php\/2025\/11\/05\/erdogandan-demirtas-yorumu-yargi-ne-derse-ona-uyariz\/"},"modified":"2025-11-05T10:57:18","modified_gmt":"2025-11-05T10:57:18","slug":"erdogandan-demirtas-yorumu-yargi-ne-derse-ona-uyariz","status":"publish","type":"post","link":"https:\/\/www.abchukuk.com\/index.php\/2025\/11\/05\/erdogandan-demirtas-yorumu-yargi-ne-derse-ona-uyariz\/","title":{"rendered":"Erdo\u011fan&#8217;dan Demirta\u015f yorumu: &#8216;Yarg\u0131 ne derse ona uyar\u0131z&#8217;"},"content":{"rendered":"<p>Cumhurba\u015fkan\u0131 Recep Tayyip Erdo\u011fan, 5 Kas\u0131m&#8217;daki grup toplant\u0131s\u0131 sonras\u0131 eski HDP E\u015f Genel Ba\u015fkan\u0131 Selahattin Demirta\u015f&#8217;\u0131n tahliye olas\u0131l\u0131\u011f\u0131yla ilgili soruya yan\u0131t verdi.Cumhurba\u015fkan\u0131 Recep Tayyip Erdo\u011fan, 5 Kas\u0131m&#8217;daki grup toplant\u0131s\u0131 sonras\u0131 eski HDP E\u015f Genel Ba\u015fkan\u0131 Selahattin Demirta\u015f&#8217;\u0131n tahliye olas\u0131l\u0131\u011f\u0131yla ilgili soruya yan\u0131t verdi.\u00a0<a href=\"https:\/\/www.bbc.com\/turkce\/articles\/c1476zdk14mo?at_medium=RSS&amp;at_campaign=rss\" target=\"_blank\" class=\"feedzy-rss-link-icon\">Read More<\/a><\/p>","protected":false},"excerpt":{"rendered":"<p>Cumhurba\u015fkan\u0131 Recep Tayyip Erdo\u011fan, 5 Kas\u0131m&#8217;daki grup toplant\u0131s\u0131 sonras\u0131 eski HDP E\u015f Genel Ba\u015fkan\u0131 Selahattin Demirta\u015f&#8217;\u0131n tahliye olas\u0131l\u0131\u011f\u0131yla ilgili soruya yan\u0131t verdi.Cumhurba\u015fkan\u0131 Recep Tayyip Erdo\u011fan, 5 Kas\u0131m&#8217;daki grup toplant\u0131s\u0131 sonras\u0131 eski HDP E\u015f Genel Ba\u015fkan\u0131 Selahattin Demirta\u015f&#8217;\u0131n tahliye olas\u0131l\u0131\u011f\u0131yla ilgili soruya yan\u0131t verdi.\u00a0Read More<\/p>\n","protected":false},"author":1,"featured_media":10302,"comment_status":"open","ping_status":"open","sticky":false,"template":"","format":"standard","meta":{"footnotes":"","_links_to":"","_links_to_target":""},"categories":[1],"tags":[],"class_list":["post-10301","post","type-post","status-publish","format-standard","has-post-thumbnail","hentry","category-haberler"],"_links":{"self":[{"href":"https:\/\/www.abchukuk.com\/index.php\/wp-json\/wp\/v2\/posts\/10301","targetHints":{"allow":["GET"]}}],"collection":[{"href":"https:\/\/www.abchukuk.com\/index.php\/wp-json\/wp\/v2\/posts"}],"about":[{"href":"https:\/\/www.abchukuk.com\/index.php\/wp-json\/wp\/v2\/types\/post"}],"author":[{"embeddable":true,"href":"https:\/\/www.abchukuk.com\/index.php\/wp-json\/wp\/v2\/users\/1"}],"replies":[{"embeddable":true,"href":"https:\/\/www.abchukuk.com\/index.php\/wp-json\/wp\/v2\/comments?post=10301"}],"version-history":[{"count":0,"href":"https:\/\/www.abchukuk.com\/index.php\/wp-json\/wp\/v2\/posts\/10301\/revisions"}],"wp:featuredmedia":[{"embeddable":true,"href":"https:\/\/www.abchukuk.com\/index.php\/wp-json\/wp\/v2\/media\/10302"}],"wp:attachment":[{"href":"https:\/\/www.abchukuk.com\/index.php\/wp-json\/wp\/v2\/media?parent=10301"}],"wp:term":[{"taxonomy":"category","embeddable":true,"href":"https:\/\/www.abchukuk.com\/index.php\/wp-json\/wp\/v2\/categories?post=10301"},{"taxonomy":"post_tag","embeddable":true,"href":"https:\/\/www.abchukuk.com\/index.php\/wp-json\/wp\/v2\/tags?post=10301"}],"curies":[{"name":"wp","href":"https:\/\/api.w.org\/{rel}","templated":true}]}}