{"id":10282,"date":"2025-11-04T22:02:07","date_gmt":"2025-11-04T22:02:07","guid":{"rendered":"https:\/\/www.abchukuk.com\/index.php\/2025\/11\/04\/resmi-gazete-yayimlandi-22\/"},"modified":"2025-11-04T22:02:07","modified_gmt":"2025-11-04T22:02:07","slug":"resmi-gazete-yayimlandi-22","status":"publish","type":"post","link":"https:\/\/www.abchukuk.com\/index.php\/2025\/11\/04\/resmi-gazete-yayimlandi-22\/","title":{"rendered":"Resmi Gazete yay\u0131mland\u0131"},"content":{"rendered":"<p>Resmi Gazete kararlar\u0131 her g\u00fcn oldu\u011fu gibi bug\u00fcn de Cumhurba\u015fkan\u0131 Erdo\u011fan&#8217;\u0131n imzas\u0131yla 5 Kas\u0131m \u00c7ar\u015famba g\u00fcn\u00fc yay\u0131mland\u0131. Toplumun bir\u00e7ok kesimini yak\u0131ndan ilgilendiren kararlar, genellikle gece yar\u0131s\u0131 saat 12 itibar\u0131yla eri\u015fime sunuluyor. G\u00fcndeme dair al\u0131nan bir\u00e7ok karar ve d\u00fczenleme Resmi Gazete \u00fczerinden duyuruluyor. Peki, &#8220;Resmi Gazete al\u0131nan kararlar\u0131 neler?&#8221; \u0130\u015fte 5 Kas\u0131m 2025 \u00c7ar\u015famba Resmi Gazete kararlar\u0131&#8230;Resmi Gazete kararlar\u0131 her g\u00fcn oldu\u011fu gibi bug\u00fcn de Cumhurba\u015fkan\u0131 Erdo\u011fan&#8217;\u0131n imzas\u0131yla 5 Kas\u0131m \u00c7ar\u015famba g\u00fcn\u00fc yay\u0131mland\u0131. Toplumun bir\u00e7ok kesimini yak\u0131ndan ilgilendiren kararlar, genellikle gece yar\u0131s\u0131 saat 12 itibar\u0131yla eri\u015fime sunuluyor. G\u00fcndeme dair al\u0131nan bir\u00e7ok karar ve d\u00fczenleme Resmi Gazete \u00fczerinden duyuruluyor. Peki, &#8220;Resmi Gazete al\u0131nan kararlar\u0131 neler?&#8221; \u0130\u015fte 5 Kas\u0131m 2025 \u00c7ar\u015famba Resmi Gazete kararlar\u0131&#8230;\u00a0<a href=\"https:\/\/www.haberturk.com\/resmi-gazete-kararlari-5-kasim-2025-resmi-gazete-yayimlandi-mi-alinan-kararlari-neler-3835452\" target=\"_blank\" class=\"feedzy-rss-link-icon\">Read More<\/a><\/p>","protected":false},"excerpt":{"rendered":"<p>Resmi Gazete kararlar\u0131 her g\u00fcn oldu\u011fu gibi bug\u00fcn de Cumhurba\u015fkan\u0131 Erdo\u011fan&#8217;\u0131n imzas\u0131yla 5 Kas\u0131m \u00c7ar\u015famba g\u00fcn\u00fc yay\u0131mland\u0131. Toplumun bir\u00e7ok kesimini yak\u0131ndan ilgilendiren kararlar, genellikle gece yar\u0131s\u0131 saat 12 itibar\u0131yla eri\u015fime sunuluyor. G\u00fcndeme dair al\u0131nan bir\u00e7ok karar ve d\u00fczenleme Resmi Gazete \u00fczerinden duyuruluyor. Peki, &#8220;Resmi Gazete al\u0131nan kararlar\u0131 neler?&#8221; \u0130\u015fte 5 Kas\u0131m 2025 \u00c7ar\u015famba Resmi Gazete [&hellip;]<\/p>\n","protected":false},"author":1,"featured_media":0,"comment_status":"open","ping_status":"open","sticky":false,"template":"","format":"standard","meta":{"footnotes":"","_links_to":"","_links_to_target":""},"categories":[1],"tags":[],"class_list":["post-10282","post","type-post","status-publish","format-standard","hentry","category-haberler"],"_links":{"self":[{"href":"https:\/\/www.abchukuk.com\/index.php\/wp-json\/wp\/v2\/posts\/10282","targetHints":{"allow":["GET"]}}],"collection":[{"href":"https:\/\/www.abchukuk.com\/index.php\/wp-json\/wp\/v2\/posts"}],"about":[{"href":"https:\/\/www.abchukuk.com\/index.php\/wp-json\/wp\/v2\/types\/post"}],"author":[{"embeddable":true,"href":"https:\/\/www.abchukuk.com\/index.php\/wp-json\/wp\/v2\/users\/1"}],"replies":[{"embeddable":true,"href":"https:\/\/www.abchukuk.com\/index.php\/wp-json\/wp\/v2\/comments?post=10282"}],"version-history":[{"count":0,"href":"https:\/\/www.abchukuk.com\/index.php\/wp-json\/wp\/v2\/posts\/10282\/revisions"}],"wp:attachment":[{"href":"https:\/\/www.abchukuk.com\/index.php\/wp-json\/wp\/v2\/media?parent=10282"}],"wp:term":[{"taxonomy":"category","embeddable":true,"href":"https:\/\/www.abchukuk.com\/index.php\/wp-json\/wp\/v2\/categories?post=10282"},{"taxonomy":"post_tag","embeddable":true,"href":"https:\/\/www.abchukuk.com\/index.php\/wp-json\/wp\/v2\/tags?post=10282"}],"curies":[{"name":"wp","href":"https:\/\/api.w.org\/{rel}","templated":true}]}}