{"id":10280,"date":"2025-11-05T12:00:13","date_gmt":"2025-11-05T12:00:13","guid":{"rendered":"https:\/\/www.abchukuk.com\/index.php\/2025\/11\/05\/yasli-kadinin-olumunde-engelli-oglu-adliyede\/"},"modified":"2025-11-05T12:00:13","modified_gmt":"2025-11-05T12:00:13","slug":"yasli-kadinin-olumunde-engelli-oglu-adliyede","status":"publish","type":"post","link":"https:\/\/www.abchukuk.com\/index.php\/2025\/11\/05\/yasli-kadinin-olumunde-engelli-oglu-adliyede\/","title":{"rendered":"Ya\u015fl\u0131 kad\u0131n\u0131n \u00f6l\u00fcm\u00fcnde engelli o\u011flu adliyede!"},"content":{"rendered":"<p>Eski\u015fehir&#8217;de evde bo\u011faz\u0131 kesilmi\u015f halde bulunan 2 engelli \u00e7ocuk annesi 70 ya\u015f\u0131ndaki Safiye Yarbil, g\u00f6zya\u015flar\u0131 i\u00e7erisinde topra\u011fa verildi. Korkun\u00e7 olayla ilgili de ya\u015fl\u0131 kad\u0131n\u0131n 44 ya\u015f\u0131ndaki y\u00fczde 80 zihinsel engelli o\u011flu adliyeye sevk edildiEski\u015fehir&#8217;de evde bo\u011faz\u0131 kesilmi\u015f halde bulunan 2 engelli \u00e7ocuk annesi 70 ya\u015f\u0131ndaki Safiye Yarbil, g\u00f6zya\u015flar\u0131 i\u00e7erisinde topra\u011fa verildi. Korkun\u00e7 olayla ilgili de ya\u015fl\u0131 kad\u0131n\u0131n 44 ya\u015f\u0131ndaki y\u00fczde 80 zihinsel engelli o\u011flu adliyeye sevk edildi\u00a0<a href=\"https:\/\/www.haberturk.com\/yasli-kadinin-supheli-olumu-engelli-oglu-adliyeye-sevk-edildi-3835591\" target=\"_blank\" class=\"feedzy-rss-link-icon\">Read More<\/a><\/p>","protected":false},"excerpt":{"rendered":"<p>Eski\u015fehir&#8217;de evde bo\u011faz\u0131 kesilmi\u015f halde bulunan 2 engelli \u00e7ocuk annesi 70 ya\u015f\u0131ndaki Safiye Yarbil, g\u00f6zya\u015flar\u0131 i\u00e7erisinde topra\u011fa verildi. Korkun\u00e7 olayla ilgili de ya\u015fl\u0131 kad\u0131n\u0131n 44 ya\u015f\u0131ndaki y\u00fczde 80 zihinsel engelli o\u011flu adliyeye sevk edildiEski\u015fehir&#8217;de evde bo\u011faz\u0131 kesilmi\u015f halde bulunan 2 engelli \u00e7ocuk annesi 70 ya\u015f\u0131ndaki Safiye Yarbil, g\u00f6zya\u015flar\u0131 i\u00e7erisinde topra\u011fa verildi. Korkun\u00e7 olayla ilgili de [&hellip;]<\/p>\n","protected":false},"author":1,"featured_media":0,"comment_status":"open","ping_status":"open","sticky":false,"template":"","format":"standard","meta":{"footnotes":"","_links_to":"","_links_to_target":""},"categories":[1],"tags":[],"class_list":["post-10280","post","type-post","status-publish","format-standard","hentry","category-haberler"],"_links":{"self":[{"href":"https:\/\/www.abchukuk.com\/index.php\/wp-json\/wp\/v2\/posts\/10280","targetHints":{"allow":["GET"]}}],"collection":[{"href":"https:\/\/www.abchukuk.com\/index.php\/wp-json\/wp\/v2\/posts"}],"about":[{"href":"https:\/\/www.abchukuk.com\/index.php\/wp-json\/wp\/v2\/types\/post"}],"author":[{"embeddable":true,"href":"https:\/\/www.abchukuk.com\/index.php\/wp-json\/wp\/v2\/users\/1"}],"replies":[{"embeddable":true,"href":"https:\/\/www.abchukuk.com\/index.php\/wp-json\/wp\/v2\/comments?post=10280"}],"version-history":[{"count":0,"href":"https:\/\/www.abchukuk.com\/index.php\/wp-json\/wp\/v2\/posts\/10280\/revisions"}],"wp:attachment":[{"href":"https:\/\/www.abchukuk.com\/index.php\/wp-json\/wp\/v2\/media?parent=10280"}],"wp:term":[{"taxonomy":"category","embeddable":true,"href":"https:\/\/www.abchukuk.com\/index.php\/wp-json\/wp\/v2\/categories?post=10280"},{"taxonomy":"post_tag","embeddable":true,"href":"https:\/\/www.abchukuk.com\/index.php\/wp-json\/wp\/v2\/tags?post=10280"}],"curies":[{"name":"wp","href":"https:\/\/api.w.org\/{rel}","templated":true}]}}