{"id":10279,"date":"2025-11-05T12:56:28","date_gmt":"2025-11-05T12:56:28","guid":{"rendered":"https:\/\/www.abchukuk.com\/index.php\/2025\/11\/05\/cumhurbaskani-erdogandan-demirtas-sorusuna-yanit-yargi-ne-derse-uyariz\/"},"modified":"2025-11-05T12:56:28","modified_gmt":"2025-11-05T12:56:28","slug":"cumhurbaskani-erdogandan-demirtas-sorusuna-yanit-yargi-ne-derse-uyariz","status":"publish","type":"post","link":"https:\/\/www.abchukuk.com\/index.php\/2025\/11\/05\/cumhurbaskani-erdogandan-demirtas-sorusuna-yanit-yargi-ne-derse-uyariz\/","title":{"rendered":"Cumhurba\u015fkan\u0131 Erdo\u011fan&#8217;dan Demirta\u015f sorusuna yan\u0131t: Yarg\u0131 ne derse uyar\u0131z"},"content":{"rendered":"<p>Meclis&#8217;teki grup toplant\u0131s\u0131n\u0131n ard\u0131ndan, Selahattin Demirta\u015f&#8217;\u0131n tahliyesine y\u00f6nelik bas\u0131n mensuplar\u0131n\u0131n soru y\u00f6neltti\u011fi Cumhurba\u015fkan\u0131 Recep Tayyip Erdo\u011fan, &#8220;Bu \u00fclke yarg\u0131 \u00fclkesi, yarg\u0131 bu konuda ne derse uyar\u0131z&#8221; yan\u0131t\u0131n\u0131 verdiMeclis&#8217;teki grup toplant\u0131s\u0131n\u0131n ard\u0131ndan, Selahattin Demirta\u015f&#8217;\u0131n tahliyesine y\u00f6nelik bas\u0131n mensuplar\u0131n\u0131n soru y\u00f6neltti\u011fi Cumhurba\u015fkan\u0131 Recep Tayyip Erdo\u011fan, &#8220;Bu \u00fclke yarg\u0131 \u00fclkesi, yarg\u0131 bu konuda ne derse uyar\u0131z&#8221; yan\u0131t\u0131n\u0131 verdi\u00a0<a href=\"https:\/\/www.haberturk.com\/cumhurbaskani-erdogan-dan-demirtas-sorusuna-yanit-yargi-ne-derse-uyariz-son-dakika-haber-3835582\" target=\"_blank\" class=\"feedzy-rss-link-icon\">Read More<\/a><\/p>","protected":false},"excerpt":{"rendered":"<p>Meclis&#8217;teki grup toplant\u0131s\u0131n\u0131n ard\u0131ndan, Selahattin Demirta\u015f&#8217;\u0131n tahliyesine y\u00f6nelik bas\u0131n mensuplar\u0131n\u0131n soru y\u00f6neltti\u011fi Cumhurba\u015fkan\u0131 Recep Tayyip Erdo\u011fan, &#8220;Bu \u00fclke yarg\u0131 \u00fclkesi, yarg\u0131 bu konuda ne derse uyar\u0131z&#8221; yan\u0131t\u0131n\u0131 verdiMeclis&#8217;teki grup toplant\u0131s\u0131n\u0131n ard\u0131ndan, Selahattin Demirta\u015f&#8217;\u0131n tahliyesine y\u00f6nelik bas\u0131n mensuplar\u0131n\u0131n soru y\u00f6neltti\u011fi Cumhurba\u015fkan\u0131 Recep Tayyip Erdo\u011fan, &#8220;Bu \u00fclke yarg\u0131 \u00fclkesi, yarg\u0131 bu konuda ne derse uyar\u0131z&#8221; yan\u0131t\u0131n\u0131 verdi\u00a0Read [&hellip;]<\/p>\n","protected":false},"author":1,"featured_media":0,"comment_status":"open","ping_status":"open","sticky":false,"template":"","format":"standard","meta":{"footnotes":"","_links_to":"","_links_to_target":""},"categories":[1],"tags":[],"class_list":["post-10279","post","type-post","status-publish","format-standard","hentry","category-haberler"],"_links":{"self":[{"href":"https:\/\/www.abchukuk.com\/index.php\/wp-json\/wp\/v2\/posts\/10279","targetHints":{"allow":["GET"]}}],"collection":[{"href":"https:\/\/www.abchukuk.com\/index.php\/wp-json\/wp\/v2\/posts"}],"about":[{"href":"https:\/\/www.abchukuk.com\/index.php\/wp-json\/wp\/v2\/types\/post"}],"author":[{"embeddable":true,"href":"https:\/\/www.abchukuk.com\/index.php\/wp-json\/wp\/v2\/users\/1"}],"replies":[{"embeddable":true,"href":"https:\/\/www.abchukuk.com\/index.php\/wp-json\/wp\/v2\/comments?post=10279"}],"version-history":[{"count":0,"href":"https:\/\/www.abchukuk.com\/index.php\/wp-json\/wp\/v2\/posts\/10279\/revisions"}],"wp:attachment":[{"href":"https:\/\/www.abchukuk.com\/index.php\/wp-json\/wp\/v2\/media?parent=10279"}],"wp:term":[{"taxonomy":"category","embeddable":true,"href":"https:\/\/www.abchukuk.com\/index.php\/wp-json\/wp\/v2\/categories?post=10279"},{"taxonomy":"post_tag","embeddable":true,"href":"https:\/\/www.abchukuk.com\/index.php\/wp-json\/wp\/v2\/tags?post=10279"}],"curies":[{"name":"wp","href":"https:\/\/api.w.org\/{rel}","templated":true}]}}