{"id":10277,"date":"2025-11-05T18:36:56","date_gmt":"2025-11-05T18:36:56","guid":{"rendered":"https:\/\/www.abchukuk.com\/index.php\/2025\/11\/05\/ozere-rusvet-almak-sucundan-takipsizlik\/"},"modified":"2025-11-05T18:36:56","modified_gmt":"2025-11-05T18:36:56","slug":"ozere-rusvet-almak-sucundan-takipsizlik","status":"publish","type":"post","link":"https:\/\/www.abchukuk.com\/index.php\/2025\/11\/05\/ozere-rusvet-almak-sucundan-takipsizlik\/","title":{"rendered":"\u00d6zer&#8217;e &#8216;r\u00fc\u015fvet almak&#8217; su\u00e7undan takipsizlik"},"content":{"rendered":"<p>Esenyurt Belediye Ba\u015fkan\u0131 Ahmet \u00d6zer\u2019in de aralar\u0131nda bulundu\u011fu 12 \u015f\u00fcpheli hakk\u0131nda \u201cr\u00fc\u015fvet almak\u201d su\u00e7undan delil yetersizli\u011fiyle takipsizlik verildi. \u0130ddialar\u0131n soyut kald\u0131\u011f\u0131 belirtildi. \u00d6zer hakk\u0131nda ise ayr\u0131 bir iddianamede \u201cihaleye fesat\u201d ve \u201c\u00f6zel belgede sahtecilik\u201d su\u00e7lar\u0131ndan hapis talep ediliyorEsenyurt Belediye Ba\u015fkan\u0131 Ahmet \u00d6zer\u2019in de aralar\u0131nda bulundu\u011fu 12 \u015f\u00fcpheli hakk\u0131nda \u201cr\u00fc\u015fvet almak\u201d su\u00e7undan delil yetersizli\u011fiyle takipsizlik verildi. \u0130ddialar\u0131n soyut kald\u0131\u011f\u0131 belirtildi. \u00d6zer hakk\u0131nda ise ayr\u0131 bir iddianamede \u201cihaleye fesat\u201d ve \u201c\u00f6zel belgede sahtecilik\u201d su\u00e7lar\u0131ndan hapis talep ediliyor\u00a0<a href=\"https:\/\/www.haberturk.com\/ahmet-ozer-hakkinda-rusvet-almak-sucundan-takipsizlik-karari-3835693\" target=\"_blank\" class=\"feedzy-rss-link-icon\">Read More<\/a><\/p>","protected":false},"excerpt":{"rendered":"<p>Esenyurt Belediye Ba\u015fkan\u0131 Ahmet \u00d6zer\u2019in de aralar\u0131nda bulundu\u011fu 12 \u015f\u00fcpheli hakk\u0131nda \u201cr\u00fc\u015fvet almak\u201d su\u00e7undan delil yetersizli\u011fiyle takipsizlik verildi. \u0130ddialar\u0131n soyut kald\u0131\u011f\u0131 belirtildi. \u00d6zer hakk\u0131nda ise ayr\u0131 bir iddianamede \u201cihaleye fesat\u201d ve \u201c\u00f6zel belgede sahtecilik\u201d su\u00e7lar\u0131ndan hapis talep ediliyorEsenyurt Belediye Ba\u015fkan\u0131 Ahmet \u00d6zer\u2019in de aralar\u0131nda bulundu\u011fu 12 \u015f\u00fcpheli hakk\u0131nda \u201cr\u00fc\u015fvet almak\u201d su\u00e7undan delil yetersizli\u011fiyle takipsizlik verildi. [&hellip;]<\/p>\n","protected":false},"author":1,"featured_media":0,"comment_status":"open","ping_status":"open","sticky":false,"template":"","format":"standard","meta":{"footnotes":"","_links_to":"","_links_to_target":""},"categories":[1],"tags":[],"class_list":["post-10277","post","type-post","status-publish","format-standard","hentry","category-haberler"],"_links":{"self":[{"href":"https:\/\/www.abchukuk.com\/index.php\/wp-json\/wp\/v2\/posts\/10277","targetHints":{"allow":["GET"]}}],"collection":[{"href":"https:\/\/www.abchukuk.com\/index.php\/wp-json\/wp\/v2\/posts"}],"about":[{"href":"https:\/\/www.abchukuk.com\/index.php\/wp-json\/wp\/v2\/types\/post"}],"author":[{"embeddable":true,"href":"https:\/\/www.abchukuk.com\/index.php\/wp-json\/wp\/v2\/users\/1"}],"replies":[{"embeddable":true,"href":"https:\/\/www.abchukuk.com\/index.php\/wp-json\/wp\/v2\/comments?post=10277"}],"version-history":[{"count":0,"href":"https:\/\/www.abchukuk.com\/index.php\/wp-json\/wp\/v2\/posts\/10277\/revisions"}],"wp:attachment":[{"href":"https:\/\/www.abchukuk.com\/index.php\/wp-json\/wp\/v2\/media?parent=10277"}],"wp:term":[{"taxonomy":"category","embeddable":true,"href":"https:\/\/www.abchukuk.com\/index.php\/wp-json\/wp\/v2\/categories?post=10277"},{"taxonomy":"post_tag","embeddable":true,"href":"https:\/\/www.abchukuk.com\/index.php\/wp-json\/wp\/v2\/tags?post=10277"}],"curies":[{"name":"wp","href":"https:\/\/api.w.org\/{rel}","templated":true}]}}