{"id":10276,"date":"2025-11-05T19:27:44","date_gmt":"2025-11-05T19:27:44","guid":{"rendered":"https:\/\/www.abchukuk.com\/index.php\/2025\/11\/05\/havvanur-yurtsever-yeniden-hsk-uyesi\/"},"modified":"2025-11-05T19:27:44","modified_gmt":"2025-11-05T19:27:44","slug":"havvanur-yurtsever-yeniden-hsk-uyesi","status":"publish","type":"post","link":"https:\/\/www.abchukuk.com\/index.php\/2025\/11\/05\/havvanur-yurtsever-yeniden-hsk-uyesi\/","title":{"rendered":"Havvanur Yurtsever yeniden HSK \u00fcyesi"},"content":{"rendered":"<p class=\"p1\">Adalet Bakan\u0131 Y\u0131lmaz Tun\u00e7, T\u00fcrkiye B\u00fcy\u00fck Millet Meclisi Genel Kurulu\u2019nda H\u00e2kimler ve Savc\u0131lar Kurulu (HSK) \u00fcyeli\u011fine yeniden se\u00e7ilen Havvanur Yurtsever\u2019i tebrik etti.<\/p>\n<p class=\"p1\"><span class=\"s2\">Bakan Tun\u00e7,, \u201cBirikimi, tecr\u00fcbesi ve \u00f6zverili \u00e7al\u0131\u015fmalar\u0131yla yarg\u0131 camiam\u0131za \u00f6nemli katk\u0131lar sunmaya devam edece\u011fine inand\u0131\u011f\u0131m Say\u0131n Yurtsever\u2019e yeni g\u00f6rev d\u00f6neminde ba\u015far\u0131lar diliyorum.\u201d ifadelerini kulland\u0131.<\/span><\/p>\n<p class=\"p1\">\n<\/p><p>Havvanur Yurtsever TBMM Genel Kurulu\u2019nda HSK \u00fcyeli\u011fine yeniden se\u00e7ildi. Bakan Tun\u00e7, Yurtsever\u2019i tebrik ederek tecr\u00fcbesi ve \u00e7al\u0131\u015fmalar\u0131yla yarg\u0131 camias\u0131na \u00f6nemli katk\u0131lar sunmaya devam edece\u011fine inand\u0131\u011f\u0131n\u0131 s\u00f6yledi.\u00a0<a href=\"https:\/\/www.son.tv\/havvanur-yurtsever-yeniden-hsk-uyesi\/\" target=\"_blank\" class=\"feedzy-rss-link-icon\">Read More<\/a><\/p>","protected":false},"excerpt":{"rendered":"<p>Adalet Bakan\u0131 Y\u0131lmaz Tun\u00e7, T\u00fcrkiye B\u00fcy\u00fck Millet Meclisi Genel Kurulu\u2019nda H\u00e2kimler ve Savc\u0131lar Kurulu (HSK) \u00fcyeli\u011fine yeniden se\u00e7ilen Havvanur Yurtsever\u2019i tebrik etti. Bakan Tun\u00e7,, \u201cBirikimi, tecr\u00fcbesi ve \u00f6zverili \u00e7al\u0131\u015fmalar\u0131yla yarg\u0131 camiam\u0131za \u00f6nemli katk\u0131lar sunmaya devam edece\u011fine inand\u0131\u011f\u0131m Say\u0131n Yurtsever\u2019e yeni g\u00f6rev d\u00f6neminde ba\u015far\u0131lar diliyorum.\u201d ifadelerini kulland\u0131. Havvanur Yurtsever TBMM Genel Kurulu\u2019nda HSK \u00fcyeli\u011fine yeniden se\u00e7ildi. [&hellip;]<\/p>\n","protected":false},"author":1,"featured_media":0,"comment_status":"open","ping_status":"open","sticky":false,"template":"","format":"standard","meta":{"footnotes":"","_links_to":"","_links_to_target":""},"categories":[1],"tags":[],"class_list":["post-10276","post","type-post","status-publish","format-standard","hentry","category-haberler"],"_links":{"self":[{"href":"https:\/\/www.abchukuk.com\/index.php\/wp-json\/wp\/v2\/posts\/10276","targetHints":{"allow":["GET"]}}],"collection":[{"href":"https:\/\/www.abchukuk.com\/index.php\/wp-json\/wp\/v2\/posts"}],"about":[{"href":"https:\/\/www.abchukuk.com\/index.php\/wp-json\/wp\/v2\/types\/post"}],"author":[{"embeddable":true,"href":"https:\/\/www.abchukuk.com\/index.php\/wp-json\/wp\/v2\/users\/1"}],"replies":[{"embeddable":true,"href":"https:\/\/www.abchukuk.com\/index.php\/wp-json\/wp\/v2\/comments?post=10276"}],"version-history":[{"count":0,"href":"https:\/\/www.abchukuk.com\/index.php\/wp-json\/wp\/v2\/posts\/10276\/revisions"}],"wp:attachment":[{"href":"https:\/\/www.abchukuk.com\/index.php\/wp-json\/wp\/v2\/media?parent=10276"}],"wp:term":[{"taxonomy":"category","embeddable":true,"href":"https:\/\/www.abchukuk.com\/index.php\/wp-json\/wp\/v2\/categories?post=10276"},{"taxonomy":"post_tag","embeddable":true,"href":"https:\/\/www.abchukuk.com\/index.php\/wp-json\/wp\/v2\/tags?post=10276"}],"curies":[{"name":"wp","href":"https:\/\/api.w.org\/{rel}","templated":true}]}}