{"id":10272,"date":"2025-11-05T18:25:00","date_gmt":"2025-11-05T18:25:00","guid":{"rendered":"https:\/\/www.abchukuk.com\/index.php\/2025\/11\/05\/ahmet-ozer-hakkindaki-rusvet-suclamasiyla-ilgili-yeni-gelisme\/"},"modified":"2025-11-05T18:25:00","modified_gmt":"2025-11-05T18:25:00","slug":"ahmet-ozer-hakkindaki-rusvet-suclamasiyla-ilgili-yeni-gelisme","status":"publish","type":"post","link":"https:\/\/www.abchukuk.com\/index.php\/2025\/11\/05\/ahmet-ozer-hakkindaki-rusvet-suclamasiyla-ilgili-yeni-gelisme\/","title":{"rendered":"Ahmet \u00d6zer hakk\u0131ndaki r\u00fc\u015fvet su\u00e7lamas\u0131yla ilgili yeni geli\u015fme"},"content":{"rendered":"<p>Esenyurt Belediye Ba\u015fkan\u0131 Ahmet \u00d6zer hakk\u0131nda, &#8220;r\u00fc\u015fvet almak&#8221; su\u00e7undan takipsizlik karar\u0131 verildi. Ancak, \u00d6zer hakk\u0131nda &#8220;ihaleye fesat kar\u0131\u015ft\u0131rma&#8221; ve &#8220;\u00f6zel belgede sahtecilik&#8221; su\u00e7lar\u0131ndan 9 y\u0131la kadar hapis cezas\u0131 talep ediliyor.Esenyurt Belediye Ba\u015fkan\u0131 Ahmet \u00d6zer hakk\u0131nda, &#8220;r\u00fc\u015fvet almak&#8221; su\u00e7undan takipsizlik karar\u0131 verildi. Ancak, \u00d6zer hakk\u0131nda &#8220;ihaleye fesat kar\u0131\u015ft\u0131rma&#8221; ve &#8220;\u00f6zel belgede sahtecilik&#8221; su\u00e7lar\u0131ndan 9 y\u0131la kadar hapis cezas\u0131 talep ediliyor.\u00a0<a href=\"https:\/\/www.dunya.com\/gundem\/ahmet-ozer-hakkindaki-rusvet-suclamasiyla-ilgili-yeni-gelisme-haberi-801763\" target=\"_blank\" class=\"feedzy-rss-link-icon\">Read More<\/a><\/p>","protected":false},"excerpt":{"rendered":"<p>Esenyurt Belediye Ba\u015fkan\u0131 Ahmet \u00d6zer hakk\u0131nda, &#8220;r\u00fc\u015fvet almak&#8221; su\u00e7undan takipsizlik karar\u0131 verildi. Ancak, \u00d6zer hakk\u0131nda &#8220;ihaleye fesat kar\u0131\u015ft\u0131rma&#8221; ve &#8220;\u00f6zel belgede sahtecilik&#8221; su\u00e7lar\u0131ndan 9 y\u0131la kadar hapis cezas\u0131 talep ediliyor.Esenyurt Belediye Ba\u015fkan\u0131 Ahmet \u00d6zer hakk\u0131nda, &#8220;r\u00fc\u015fvet almak&#8221; su\u00e7undan takipsizlik karar\u0131 verildi. Ancak, \u00d6zer hakk\u0131nda &#8220;ihaleye fesat kar\u0131\u015ft\u0131rma&#8221; ve &#8220;\u00f6zel belgede sahtecilik&#8221; su\u00e7lar\u0131ndan 9 y\u0131la kadar [&hellip;]<\/p>\n","protected":false},"author":1,"featured_media":10273,"comment_status":"open","ping_status":"open","sticky":false,"template":"","format":"standard","meta":{"footnotes":"","_links_to":"","_links_to_target":""},"categories":[1],"tags":[],"class_list":["post-10272","post","type-post","status-publish","format-standard","has-post-thumbnail","hentry","category-haberler"],"_links":{"self":[{"href":"https:\/\/www.abchukuk.com\/index.php\/wp-json\/wp\/v2\/posts\/10272","targetHints":{"allow":["GET"]}}],"collection":[{"href":"https:\/\/www.abchukuk.com\/index.php\/wp-json\/wp\/v2\/posts"}],"about":[{"href":"https:\/\/www.abchukuk.com\/index.php\/wp-json\/wp\/v2\/types\/post"}],"author":[{"embeddable":true,"href":"https:\/\/www.abchukuk.com\/index.php\/wp-json\/wp\/v2\/users\/1"}],"replies":[{"embeddable":true,"href":"https:\/\/www.abchukuk.com\/index.php\/wp-json\/wp\/v2\/comments?post=10272"}],"version-history":[{"count":0,"href":"https:\/\/www.abchukuk.com\/index.php\/wp-json\/wp\/v2\/posts\/10272\/revisions"}],"wp:featuredmedia":[{"embeddable":true,"href":"https:\/\/www.abchukuk.com\/index.php\/wp-json\/wp\/v2\/media\/10273"}],"wp:attachment":[{"href":"https:\/\/www.abchukuk.com\/index.php\/wp-json\/wp\/v2\/media?parent=10272"}],"wp:term":[{"taxonomy":"category","embeddable":true,"href":"https:\/\/www.abchukuk.com\/index.php\/wp-json\/wp\/v2\/categories?post=10272"},{"taxonomy":"post_tag","embeddable":true,"href":"https:\/\/www.abchukuk.com\/index.php\/wp-json\/wp\/v2\/tags?post=10272"}],"curies":[{"name":"wp","href":"https:\/\/api.w.org\/{rel}","templated":true}]}}