{"id":10270,"date":"2025-11-05T18:27:00","date_gmt":"2025-11-05T18:27:00","guid":{"rendered":"https:\/\/www.abchukuk.com\/index.php\/2025\/11\/05\/amsterdamda-8-galatasaray-taraftarina-gozalti\/"},"modified":"2025-11-05T18:27:00","modified_gmt":"2025-11-05T18:27:00","slug":"amsterdamda-8-galatasaray-taraftarina-gozalti","status":"publish","type":"post","link":"https:\/\/www.abchukuk.com\/index.php\/2025\/11\/05\/amsterdamda-8-galatasaray-taraftarina-gozalti\/","title":{"rendered":"Amsterdam&#8217;da 8 Galatasaray Taraftar\u0131na G\u00f6zalt\u0131!"},"content":{"rendered":"<p><a href=\"https:\/\/www.gercekgundem.com\/spor\/amsterdamda-8-galatasaray-taraftarina-gozalti-561529\"><br \/>\n                                                            <img decoding=\"async\" src=\"https:\/\/i.gercekgundem.com\/2\/150\/84\/storage\/files\/images\/2025\/11\/05\/amsterdamda-8-galatasaray-taraftarina-gozalti-fovc.jpg\" width=\"150\" height=\"84\" border=\"0\" align=\"right\" \/><br \/>\n                                                    <\/a><\/p>\n<h4>Ajax-Galatasaray ma\u00e7\u0131 \u00f6ncesi Amsterdam\u2019da gergin anlar ya\u015fand\u0131. 8 sar\u0131-k\u0131rm\u0131z\u0131l\u0131 taraftar, \u00fczerlerinde havai fi\u015fek bulundurduklar\u0131 gerek\u00e7esiyle g\u00f6zalt\u0131na al\u0131nd\u0131.<\/h4>\n<p>Ajax-Galatasaray ma\u00e7\u0131 \u00f6ncesi Amsterdam\u2019da gergin anlar ya\u015fand\u0131. 8 sar\u0131-k\u0131rm\u0131z\u0131l\u0131 taraftar, \u00fczerlerinde havai fi\u015fek bulundurduklar\u0131 gerek\u00e7esiyle g\u00f6zalt\u0131na al\u0131nd\u0131.\u00a0<a href=\"https:\/\/www.gercekgundem.com\/spor\/amsterdamda-8-galatasaray-taraftarina-gozalti-561529\" target=\"_blank\" class=\"feedzy-rss-link-icon\">Read More<\/a><\/p>","protected":false},"excerpt":{"rendered":"<p>Ajax-Galatasaray ma\u00e7\u0131 \u00f6ncesi Amsterdam\u2019da gergin anlar ya\u015fand\u0131. 8 sar\u0131-k\u0131rm\u0131z\u0131l\u0131 taraftar, \u00fczerlerinde havai fi\u015fek bulundurduklar\u0131 gerek\u00e7esiyle g\u00f6zalt\u0131na al\u0131nd\u0131. Ajax-Galatasaray ma\u00e7\u0131 \u00f6ncesi Amsterdam\u2019da gergin anlar ya\u015fand\u0131. 8 sar\u0131-k\u0131rm\u0131z\u0131l\u0131 taraftar, \u00fczerlerinde havai fi\u015fek bulundurduklar\u0131 gerek\u00e7esiyle g\u00f6zalt\u0131na al\u0131nd\u0131.\u00a0Read More<\/p>\n","protected":false},"author":1,"featured_media":10271,"comment_status":"open","ping_status":"open","sticky":false,"template":"","format":"standard","meta":{"footnotes":"","_links_to":"","_links_to_target":""},"categories":[1],"tags":[],"class_list":["post-10270","post","type-post","status-publish","format-standard","has-post-thumbnail","hentry","category-haberler"],"_links":{"self":[{"href":"https:\/\/www.abchukuk.com\/index.php\/wp-json\/wp\/v2\/posts\/10270","targetHints":{"allow":["GET"]}}],"collection":[{"href":"https:\/\/www.abchukuk.com\/index.php\/wp-json\/wp\/v2\/posts"}],"about":[{"href":"https:\/\/www.abchukuk.com\/index.php\/wp-json\/wp\/v2\/types\/post"}],"author":[{"embeddable":true,"href":"https:\/\/www.abchukuk.com\/index.php\/wp-json\/wp\/v2\/users\/1"}],"replies":[{"embeddable":true,"href":"https:\/\/www.abchukuk.com\/index.php\/wp-json\/wp\/v2\/comments?post=10270"}],"version-history":[{"count":0,"href":"https:\/\/www.abchukuk.com\/index.php\/wp-json\/wp\/v2\/posts\/10270\/revisions"}],"wp:featuredmedia":[{"embeddable":true,"href":"https:\/\/www.abchukuk.com\/index.php\/wp-json\/wp\/v2\/media\/10271"}],"wp:attachment":[{"href":"https:\/\/www.abchukuk.com\/index.php\/wp-json\/wp\/v2\/media?parent=10270"}],"wp:term":[{"taxonomy":"category","embeddable":true,"href":"https:\/\/www.abchukuk.com\/index.php\/wp-json\/wp\/v2\/categories?post=10270"},{"taxonomy":"post_tag","embeddable":true,"href":"https:\/\/www.abchukuk.com\/index.php\/wp-json\/wp\/v2\/tags?post=10270"}],"curies":[{"name":"wp","href":"https:\/\/api.w.org\/{rel}","templated":true}]}}