{"id":10266,"date":"2025-11-05T18:35:00","date_gmt":"2025-11-05T18:35:00","guid":{"rendered":"https:\/\/www.abchukuk.com\/index.php\/2025\/11\/05\/son-dakika-istanbul-cumhuriyet-bassavciligi-duyurdu-ozgur-ozele-jet-sorusturma\/"},"modified":"2025-11-05T18:35:00","modified_gmt":"2025-11-05T18:35:00","slug":"son-dakika-istanbul-cumhuriyet-bassavciligi-duyurdu-ozgur-ozele-jet-sorusturma","status":"publish","type":"post","link":"https:\/\/www.abchukuk.com\/index.php\/2025\/11\/05\/son-dakika-istanbul-cumhuriyet-bassavciligi-duyurdu-ozgur-ozele-jet-sorusturma\/","title":{"rendered":"Son Dakika&#8230; \u0130stanbul Cumhuriyet Ba\u015fsavc\u0131l\u0131\u011f\u0131 duyurdu: \u00d6zg\u00fcr \u00d6zel&#8217;e jet soru\u015fturma!"},"content":{"rendered":"<p>CHP lideri \u00d6zg\u00fcr \u00d6zel&#8217;e bir soru\u015fturma daha a\u00e7\u0131ld\u0131. \u00d6zel&#8217;e \u201cCumhurba\u015fkan\u0131na hakaret\u201d ve \u201ckamu g\u00f6revlisine g\u00f6revinden dolay\u0131 hakaret\u201d su\u00e7lar\u0131ndan re\u2019sen soru\u015fturma ba\u015flat\u0131ld\u0131.CHP lideri \u00d6zg\u00fcr \u00d6zel&#8217;e bir soru\u015fturma daha a\u00e7\u0131ld\u0131. \u00d6zel&#8217;e \u201cCumhurba\u015fkan\u0131na hakaret\u201d ve \u201ckamu g\u00f6revlisine g\u00f6revinden dolay\u0131 hakaret\u201d su\u00e7lar\u0131ndan re\u2019sen soru\u015fturma ba\u015flat\u0131ld\u0131.\u00a0<a href=\"https:\/\/www.cumhuriyet.com.tr\/siyaset\/son-dakika-istanbul-cumhuriyet-bassavciligi-duyurdu-ozgur-ozel-e-jet-sorusturma-2450173\" target=\"_blank\" class=\"feedzy-rss-link-icon\">Read More<\/a><\/p>","protected":false},"excerpt":{"rendered":"<p>CHP lideri \u00d6zg\u00fcr \u00d6zel&#8217;e bir soru\u015fturma daha a\u00e7\u0131ld\u0131. \u00d6zel&#8217;e \u201cCumhurba\u015fkan\u0131na hakaret\u201d ve \u201ckamu g\u00f6revlisine g\u00f6revinden dolay\u0131 hakaret\u201d su\u00e7lar\u0131ndan re\u2019sen soru\u015fturma ba\u015flat\u0131ld\u0131.CHP lideri \u00d6zg\u00fcr \u00d6zel&#8217;e bir soru\u015fturma daha a\u00e7\u0131ld\u0131. \u00d6zel&#8217;e \u201cCumhurba\u015fkan\u0131na hakaret\u201d ve \u201ckamu g\u00f6revlisine g\u00f6revinden dolay\u0131 hakaret\u201d su\u00e7lar\u0131ndan re\u2019sen soru\u015fturma ba\u015flat\u0131ld\u0131.\u00a0Read More<\/p>\n","protected":false},"author":1,"featured_media":10267,"comment_status":"open","ping_status":"open","sticky":false,"template":"","format":"standard","meta":{"footnotes":"","_links_to":"","_links_to_target":""},"categories":[1],"tags":[],"class_list":["post-10266","post","type-post","status-publish","format-standard","has-post-thumbnail","hentry","category-haberler"],"_links":{"self":[{"href":"https:\/\/www.abchukuk.com\/index.php\/wp-json\/wp\/v2\/posts\/10266","targetHints":{"allow":["GET"]}}],"collection":[{"href":"https:\/\/www.abchukuk.com\/index.php\/wp-json\/wp\/v2\/posts"}],"about":[{"href":"https:\/\/www.abchukuk.com\/index.php\/wp-json\/wp\/v2\/types\/post"}],"author":[{"embeddable":true,"href":"https:\/\/www.abchukuk.com\/index.php\/wp-json\/wp\/v2\/users\/1"}],"replies":[{"embeddable":true,"href":"https:\/\/www.abchukuk.com\/index.php\/wp-json\/wp\/v2\/comments?post=10266"}],"version-history":[{"count":0,"href":"https:\/\/www.abchukuk.com\/index.php\/wp-json\/wp\/v2\/posts\/10266\/revisions"}],"wp:featuredmedia":[{"embeddable":true,"href":"https:\/\/www.abchukuk.com\/index.php\/wp-json\/wp\/v2\/media\/10267"}],"wp:attachment":[{"href":"https:\/\/www.abchukuk.com\/index.php\/wp-json\/wp\/v2\/media?parent=10266"}],"wp:term":[{"taxonomy":"category","embeddable":true,"href":"https:\/\/www.abchukuk.com\/index.php\/wp-json\/wp\/v2\/categories?post=10266"},{"taxonomy":"post_tag","embeddable":true,"href":"https:\/\/www.abchukuk.com\/index.php\/wp-json\/wp\/v2\/tags?post=10266"}],"curies":[{"name":"wp","href":"https:\/\/api.w.org\/{rel}","templated":true}]}}