{"id":10257,"date":"2025-11-05T14:03:46","date_gmt":"2025-11-05T14:03:46","guid":{"rendered":"https:\/\/www.abchukuk.com\/index.php\/2025\/11\/05\/bassavci-ali-yeldan-acikladi-izmire-2-yeni-adliye-geliyor\/"},"modified":"2025-11-05T14:03:46","modified_gmt":"2025-11-05T14:03:46","slug":"bassavci-ali-yeldan-acikladi-izmire-2-yeni-adliye-geliyor","status":"publish","type":"post","link":"https:\/\/www.abchukuk.com\/index.php\/2025\/11\/05\/bassavci-ali-yeldan-acikladi-izmire-2-yeni-adliye-geliyor\/","title":{"rendered":"Ba\u015fsavc\u0131 Ali Yeldan a\u00e7\u0131klad\u0131: \u0130zmir\u2019e 2 yeni adliye geliyor"},"content":{"rendered":"<p>\u0130zmir Cumhuriyet Ba\u015fsavc\u0131s\u0131 Ali Yeldan, \u0130zmir Adliyesi\u2019nde d\u00fczenlenen toplant\u0131da bas\u0131n mensuplar\u0131yla bir araya geldi. Yeldan, yap\u0131lan \u00e7al\u0131\u015fmalar ile ilgili bilgiler payla\u015ft\u0131. Yap\u0131lan \u00e7al\u0131\u015fmalar hakk\u0131nda bilgiler veren Yeldan, \u201cHedefimiz su\u00e7la m\u00fccadelenin her alan\u0131nda etkinli\u011fi sa\u011flamak, adalete eri\u015fimi h\u0131zland\u0131rmak ve ma\u011fdurlar\u0131n korunmas\u0131na y\u00f6nelik toplumsal fark\u0131ndal\u0131\u011f\u0131 g\u00fc\u00e7lendirmek. Adalet hizmetlerinin mesai saatleri d\u0131\u015f\u0131nda da aksamadan devam etmesi anlay\u0131\u015f\u0131yla mesai saatleri d\u0131\u015f\u0131nda ve geceleri 9 cumhuriyet savc\u0131s\u0131 n\u00f6bet\u00e7imiz g\u00f6rev yap\u0131yor. \u0130zmir Cumhuriyet Ba\u015fsavc\u0131l\u0131\u011f\u0131 olarak, 2025 y\u0131l\u0131 boyunca adalet hizmetlerinin h\u0131zland\u0131r\u0131lmas\u0131, ma\u011fdurlar\u0131n korunmas\u0131, kamu d\u00fczeninin tesisi ve toplum g\u00fcvenli\u011finin sa\u011flanmas\u0131 amac\u0131yla kapsaml\u0131 ve kararl\u0131 ad\u0131mlar at\u0131lm\u0131\u015ft\u0131r. Yeni uygulamalarla soru\u015fturma s\u00fcre\u00e7lerinde h\u0131z ve etkinlik, sa\u011flanm\u0131\u015f, koruyucu ve \u00f6nleyici yakla\u015f\u0131mlar g\u00fc\u00e7lendirilmi\u015f, su\u00e7la m\u00fccadelede ise tavizsiz ve kesintisiz bir strateji izlenmi\u015ftir. Sadece su\u00e7lular\u0131n cezaland\u0131r\u0131lmas\u0131n\u0131 de\u011fil su\u00e7un \u00f6nlenmesini, ma\u011fdurun korunmas\u0131n\u0131, toplumun huzur ve g\u00fcven i\u00e7inde ya\u015famas\u0131n\u0131 ve adalete olan inanc\u0131n peki\u015fmesini ama\u00e7layan \u00e7al\u0131\u015fmalar\u0131m\u0131z \u00e7ok payda\u015fl\u0131 ve sistematik bir anlay\u0131\u015fla y\u00fcr\u00fct\u00fclm\u00fc\u015ft\u00fcr\u201d ifadelerini kulland\u0131.<\/p>\n<p><img fetchpriority=\"high\" decoding=\"async\" class=\"alignnone size-large wp-image-164462\" src=\"https:\/\/www.son.tv\/wp-content\/uploads\/2025\/11\/07c4f726-291a-403c-9e18-9d3fadb5cb6b-1024x682.jpeg\" alt=\"\" width=\"1024\" height=\"682\" \/><\/p>\n<p>OPERASYONEL B\u0130R SI\u00c7RAMA GER\u00c7EKLE\u015eT\u0130<\/p>\n<p>Kad\u0131na kar\u015f\u0131 i\u015flenen su\u00e7lara kar\u015f\u0131n al\u0131nan \u00f6nlemler hakk\u0131nda da bilgiler veren Yeldan, \u201cAilenin Korunmas\u0131 ve Kad\u0131na Kar\u015f\u0131 \u015eiddet Su\u00e7lar\u0131 Soru\u015fturma B\u00fcrosunca y\u00fcr\u00fct\u00fclen soru\u015fturmalarda, 1 Ocak-15 Ekim 2025 tarihleri aras\u0131nda a\u00e7\u0131lan 11 bin 504 soru\u015fturman\u0131n 8 bin 801\u2019i sonu\u00e7land\u0131r\u0131ld\u0131. 627 \u015f\u00fcpheli tutukland\u0131\u201d ifadelerini kulland\u0131. Uyu\u015fturucuyla m\u00fccadele noktas\u0131nda da \u00f6nemli ad\u0131mlar at\u0131ld\u0131\u011f\u0131n\u0131 vurgulayan Yeldan, uyu\u015fturucu bulundurma su\u00e7uyla etkin m\u00fcdahale y\u00f6ntemleriyle ge\u00e7en y\u0131l 32 bin 995 dosyan\u0131n i\u015fleme al\u0131nd\u0131\u011f\u0131n\u0131 vurgulad\u0131. Toplant\u0131da say\u0131sal verileri de payla\u015fan Yeldan, \u201cTer\u00f6rle m\u00fccadelede 2024 y\u0131l\u0131na k\u0131yasla operasyonel bir s\u0131\u00e7rama ger\u00e7ekle\u015ftirildi. G\u00f6zalt\u0131 say\u0131s\u0131 581\u2019den 1666\u2019ya, adliyeye sevk edilen \u015f\u00fcpheli say\u0131s\u0131n\u0131n 570\u2019ten 1193\u2019e, tutuklanan ki\u015fi say\u0131s\u0131 170\u2019ten 518\u2019e y\u00fckseldi. \u0130lk defa kurulan \u00c7evre, \u0130mar, Orman ve Hayvanlara Y\u00f6nelik Su\u00e7lar B\u00fcrosunca da a\u00e7\u0131lan 1314 dosyan\u0131n 986\u2019s\u0131 sonu\u00e7land\u0131r\u0131ld\u0131. 6136 Say\u0131l\u0131 Kanun kapsam\u0131nda y\u00fcr\u00fct\u00fclen ruhsats\u0131z silah bulundurma ve kullanma olaylar\u0131nda 663 \u015f\u00fcpheliden 292\u2019si tutukland\u0131\u201d ifadelerini kulland\u0131.<\/p>\n<p><img decoding=\"async\" class=\"alignnone size-large wp-image-164464\" src=\"https:\/\/www.son.tv\/wp-content\/uploads\/2025\/11\/9770f38a-ab9f-47ea-a9b2-71888d7cf29c-1024x535.jpeg\" alt=\"\" width=\"1024\" height=\"535\" \/> <img decoding=\"async\" class=\"alignnone size-large wp-image-164465\" src=\"https:\/\/www.son.tv\/wp-content\/uploads\/2025\/11\/a78b62f4-78a5-4618-93e3-ab4bcbea82bb.jpeg\" alt=\"\" width=\"728\" height=\"410\" \/><\/p>\n<p>\u0130zmir Cumhuriyet Ba\u015fsavc\u0131s\u0131 Ali Yeldan kente kuzey ve g\u00fcney adliyelerinin yap\u0131laca\u011f\u0131n\u0131 a\u00e7\u0131klad\u0131.\u00a0<a href=\"https:\/\/www.son.tv\/bassavci-ali-yeldan-acikladi-izmire-2-yeni-adliye-geliyor\/\" target=\"_blank\" class=\"feedzy-rss-link-icon\">Read More<\/a><\/p>","protected":false},"excerpt":{"rendered":"<p>\u0130zmir Cumhuriyet Ba\u015fsavc\u0131s\u0131 Ali Yeldan, \u0130zmir Adliyesi\u2019nde d\u00fczenlenen toplant\u0131da bas\u0131n mensuplar\u0131yla bir araya geldi. Yeldan, yap\u0131lan \u00e7al\u0131\u015fmalar ile ilgili bilgiler payla\u015ft\u0131. Yap\u0131lan \u00e7al\u0131\u015fmalar hakk\u0131nda bilgiler veren Yeldan, \u201cHedefimiz su\u00e7la m\u00fccadelenin her alan\u0131nda etkinli\u011fi sa\u011flamak, adalete eri\u015fimi h\u0131zland\u0131rmak ve ma\u011fdurlar\u0131n korunmas\u0131na y\u00f6nelik toplumsal fark\u0131ndal\u0131\u011f\u0131 g\u00fc\u00e7lendirmek. Adalet hizmetlerinin mesai saatleri d\u0131\u015f\u0131nda da aksamadan devam etmesi anlay\u0131\u015f\u0131yla mesai [&hellip;]<\/p>\n","protected":false},"author":1,"featured_media":10258,"comment_status":"open","ping_status":"open","sticky":false,"template":"","format":"standard","meta":{"footnotes":"","_links_to":"","_links_to_target":""},"categories":[1],"tags":[],"class_list":["post-10257","post","type-post","status-publish","format-standard","has-post-thumbnail","hentry","category-haberler"],"_links":{"self":[{"href":"https:\/\/www.abchukuk.com\/index.php\/wp-json\/wp\/v2\/posts\/10257","targetHints":{"allow":["GET"]}}],"collection":[{"href":"https:\/\/www.abchukuk.com\/index.php\/wp-json\/wp\/v2\/posts"}],"about":[{"href":"https:\/\/www.abchukuk.com\/index.php\/wp-json\/wp\/v2\/types\/post"}],"author":[{"embeddable":true,"href":"https:\/\/www.abchukuk.com\/index.php\/wp-json\/wp\/v2\/users\/1"}],"replies":[{"embeddable":true,"href":"https:\/\/www.abchukuk.com\/index.php\/wp-json\/wp\/v2\/comments?post=10257"}],"version-history":[{"count":0,"href":"https:\/\/www.abchukuk.com\/index.php\/wp-json\/wp\/v2\/posts\/10257\/revisions"}],"wp:featuredmedia":[{"embeddable":true,"href":"https:\/\/www.abchukuk.com\/index.php\/wp-json\/wp\/v2\/media\/10258"}],"wp:attachment":[{"href":"https:\/\/www.abchukuk.com\/index.php\/wp-json\/wp\/v2\/media?parent=10257"}],"wp:term":[{"taxonomy":"category","embeddable":true,"href":"https:\/\/www.abchukuk.com\/index.php\/wp-json\/wp\/v2\/categories?post=10257"},{"taxonomy":"post_tag","embeddable":true,"href":"https:\/\/www.abchukuk.com\/index.php\/wp-json\/wp\/v2\/tags?post=10257"}],"curies":[{"name":"wp","href":"https:\/\/api.w.org\/{rel}","templated":true}]}}