{"id":10255,"date":"2025-11-05T14:22:00","date_gmt":"2025-11-05T14:22:00","guid":{"rendered":"https:\/\/www.abchukuk.com\/index.php\/2025\/11\/05\/chpli-gokcen-kiriklar-cezaevinde-tutuklu-belediye-baskanlarini-ziyaret-etti-bu-artik-bir-vicdan-meselesidir-bir-insanlik-meselesidir\/"},"modified":"2025-11-05T14:22:00","modified_gmt":"2025-11-05T14:22:00","slug":"chpli-gokcen-kiriklar-cezaevinde-tutuklu-belediye-baskanlarini-ziyaret-etti-bu-artik-bir-vicdan-meselesidir-bir-insanlik-meselesidir","status":"publish","type":"post","link":"https:\/\/www.abchukuk.com\/index.php\/2025\/11\/05\/chpli-gokcen-kiriklar-cezaevinde-tutuklu-belediye-baskanlarini-ziyaret-etti-bu-artik-bir-vicdan-meselesidir-bir-insanlik-meselesidir\/","title":{"rendered":"CHP\u2019li G\u00f6k\u00e7en, K\u0131r\u0131klar Cezaevi\u2019nde tutuklu belediye ba\u015fkanlar\u0131n\u0131 ziyaret etti: &#8216;Bu art\u0131k bir vicdan meselesidir, bir insanl\u0131k meselesidir&#8217;"},"content":{"rendered":"<p>CHP Genel Ba\u015fkan Yard\u0131mc\u0131s\u0131 G\u00f6k\u00e7e G\u00f6k\u00e7en, Buca K\u0131r\u0131klar Cezaevi\u2019nde tutuklu bulunan CHP\u2019li belediye ba\u015fkanlar\u0131n\u0131 ziyaret etti. G\u00f6k\u00e7en, \u201c19 Mart&#8217;tan itibaren \u00fclkemizde bir darbe giri\u015fimi ger\u00e7ekle\u015fiyor demi\u015ftik. Ve bir darbe akl\u0131, k\u00f6t\u00fcc\u00fcl bir ak\u0131l, sadece hukuku ortadan kald\u0131ran de\u011fil, demokratik rekabeti hedef alan de\u011fil, art\u0131k ne yaz\u0131k ki insanlar\u0131n itibar\u0131na sald\u0131ran, ilk ba\u015fta &#8216;ter\u00f6r&#8217; diyen, &#8216;kent uzla\u015f\u0131s\u0131&#8217; diyen, buradan ter\u00f6r \u00e7\u0131karmaya \u00e7al\u0131\u015fan, ter\u00f6r diyerek insanlara hi\u00e7 yan yana gelmek istemeyecekleri, hi\u00e7 yan yana gelmeyecekleri su\u00e7lamalarla isimlerini yan yana getirmeye \u00e7al\u0131\u015ft\u0131lar&#8221; dedi.CHP Genel Ba\u015fkan Yard\u0131mc\u0131s\u0131 G\u00f6k\u00e7e G\u00f6k\u00e7en, Buca K\u0131r\u0131klar Cezaevi\u2019nde tutuklu bulunan CHP\u2019li belediye ba\u015fkanlar\u0131n\u0131 ziyaret etti. G\u00f6k\u00e7en, \u201c19 Mart&#8217;tan itibaren \u00fclkemizde bir darbe giri\u015fimi ger\u00e7ekle\u015fiyor demi\u015ftik. Ve bir darbe akl\u0131, k\u00f6t\u00fcc\u00fcl bir ak\u0131l, sadece hukuku ortadan kald\u0131ran de\u011fil, demokratik rekabeti hedef alan de\u011fil, art\u0131k ne yaz\u0131k ki insanlar\u0131n itibar\u0131na sald\u0131ran, ilk ba\u015fta &#8216;ter\u00f6r&#8217; diyen, &#8216;kent uzla\u015f\u0131s\u0131&#8217; diyen, buradan ter\u00f6r \u00e7\u0131karmaya \u00e7al\u0131\u015fan, ter\u00f6r diyerek insanlara hi\u00e7 yan yana gelmek istemeyecekleri, hi\u00e7 yan yana gelmeyecekleri su\u00e7lamalarla isimlerini yan yana getirmeye \u00e7al\u0131\u015ft\u0131lar&#8221; dedi.\u00a0<a href=\"https:\/\/www.cumhuriyet.com.tr\/siyaset\/chp-li-gokcen-kiriklar-cezaevi-nde-tutuklu-belediye-baskanlarini-ziyaret-etti-bu-artik-bir-vicdan-meselesidir-bir-insanlik-meselesidir-2450112\" target=\"_blank\" class=\"feedzy-rss-link-icon\">Read More<\/a><\/p>","protected":false},"excerpt":{"rendered":"<p>CHP Genel Ba\u015fkan Yard\u0131mc\u0131s\u0131 G\u00f6k\u00e7e G\u00f6k\u00e7en, Buca K\u0131r\u0131klar Cezaevi\u2019nde tutuklu bulunan CHP\u2019li belediye ba\u015fkanlar\u0131n\u0131 ziyaret etti. G\u00f6k\u00e7en, \u201c19 Mart&#8217;tan itibaren \u00fclkemizde bir darbe giri\u015fimi ger\u00e7ekle\u015fiyor demi\u015ftik. Ve bir darbe akl\u0131, k\u00f6t\u00fcc\u00fcl bir ak\u0131l, sadece hukuku ortadan kald\u0131ran de\u011fil, demokratik rekabeti hedef alan de\u011fil, art\u0131k ne yaz\u0131k ki insanlar\u0131n itibar\u0131na sald\u0131ran, ilk ba\u015fta &#8216;ter\u00f6r&#8217; diyen, &#8216;kent [&hellip;]<\/p>\n","protected":false},"author":1,"featured_media":10256,"comment_status":"open","ping_status":"open","sticky":false,"template":"","format":"standard","meta":{"footnotes":"","_links_to":"","_links_to_target":""},"categories":[1],"tags":[],"class_list":["post-10255","post","type-post","status-publish","format-standard","has-post-thumbnail","hentry","category-haberler"],"_links":{"self":[{"href":"https:\/\/www.abchukuk.com\/index.php\/wp-json\/wp\/v2\/posts\/10255","targetHints":{"allow":["GET"]}}],"collection":[{"href":"https:\/\/www.abchukuk.com\/index.php\/wp-json\/wp\/v2\/posts"}],"about":[{"href":"https:\/\/www.abchukuk.com\/index.php\/wp-json\/wp\/v2\/types\/post"}],"author":[{"embeddable":true,"href":"https:\/\/www.abchukuk.com\/index.php\/wp-json\/wp\/v2\/users\/1"}],"replies":[{"embeddable":true,"href":"https:\/\/www.abchukuk.com\/index.php\/wp-json\/wp\/v2\/comments?post=10255"}],"version-history":[{"count":0,"href":"https:\/\/www.abchukuk.com\/index.php\/wp-json\/wp\/v2\/posts\/10255\/revisions"}],"wp:featuredmedia":[{"embeddable":true,"href":"https:\/\/www.abchukuk.com\/index.php\/wp-json\/wp\/v2\/media\/10256"}],"wp:attachment":[{"href":"https:\/\/www.abchukuk.com\/index.php\/wp-json\/wp\/v2\/media?parent=10255"}],"wp:term":[{"taxonomy":"category","embeddable":true,"href":"https:\/\/www.abchukuk.com\/index.php\/wp-json\/wp\/v2\/categories?post=10255"},{"taxonomy":"post_tag","embeddable":true,"href":"https:\/\/www.abchukuk.com\/index.php\/wp-json\/wp\/v2\/tags?post=10255"}],"curies":[{"name":"wp","href":"https:\/\/api.w.org\/{rel}","templated":true}]}}