{"id":10253,"date":"2025-11-05T13:42:00","date_gmt":"2025-11-05T13:42:00","guid":{"rendered":"https:\/\/www.abchukuk.com\/index.php\/2025\/11\/05\/11-yargi-paketini-tbmm-baskanligina-sunma-hazirligi-lgbti-duzenlemesi-taslaktan-cikarildi\/"},"modified":"2025-11-05T13:42:00","modified_gmt":"2025-11-05T13:42:00","slug":"11-yargi-paketini-tbmm-baskanligina-sunma-hazirligi-lgbti-duzenlemesi-taslaktan-cikarildi","status":"publish","type":"post","link":"https:\/\/www.abchukuk.com\/index.php\/2025\/11\/05\/11-yargi-paketini-tbmm-baskanligina-sunma-hazirligi-lgbti-duzenlemesi-taslaktan-cikarildi\/","title":{"rendered":"11. Yarg\u0131 Paketi&#8217;ni TBMM Ba\u015fkanl\u0131\u011f\u0131na sunma haz\u0131rl\u0131\u011f\u0131\u2026 LGBT\u0130 d\u00fczenlemesi taslaktan \u00e7\u0131kar\u0131ld\u0131"},"content":{"rendered":"<p>AKP, bir s\u00fcredir haz\u0131rl\u0131klar\u0131 s\u00fcren 11. Yarg\u0131 paketi olarak adland\u0131r\u0131lan kanun tasla\u011f\u0131n\u0131 birka\u00e7 i\u00e7inde TBMM Ba\u015fkanl\u0131\u011f\u0131\u2019na sunmay\u0131 planl\u0131yor. Taslakta, kamuoyunda tepki toplayan LGBT\u0130\u2019lere y\u00f6nelik d\u00fczenlemenin yer almayaca\u011f\u0131 \u00f6\u011frenildi.AKP, bir s\u00fcredir haz\u0131rl\u0131klar\u0131 s\u00fcren 11. Yarg\u0131 paketi olarak adland\u0131r\u0131lan kanun tasla\u011f\u0131n\u0131 birka\u00e7 i\u00e7inde TBMM Ba\u015fkanl\u0131\u011f\u0131\u2019na sunmay\u0131 planl\u0131yor. Taslakta, kamuoyunda tepki toplayan LGBT\u0130\u2019lere y\u00f6nelik d\u00fczenlemenin yer almayaca\u011f\u0131 \u00f6\u011frenildi.\u00a0<a href=\"https:\/\/www.cumhuriyet.com.tr\/turkiye\/11-yargi-paketi-ni-tbmm-baskanligina-sunma-hazirligi-lgbti-duzenlemesi-taslaktan-cikarildi-2450091\" target=\"_blank\" class=\"feedzy-rss-link-icon\">Read More<\/a><\/p>","protected":false},"excerpt":{"rendered":"<p>AKP, bir s\u00fcredir haz\u0131rl\u0131klar\u0131 s\u00fcren 11. Yarg\u0131 paketi olarak adland\u0131r\u0131lan kanun tasla\u011f\u0131n\u0131 birka\u00e7 i\u00e7inde TBMM Ba\u015fkanl\u0131\u011f\u0131\u2019na sunmay\u0131 planl\u0131yor. Taslakta, kamuoyunda tepki toplayan LGBT\u0130\u2019lere y\u00f6nelik d\u00fczenlemenin yer almayaca\u011f\u0131 \u00f6\u011frenildi.AKP, bir s\u00fcredir haz\u0131rl\u0131klar\u0131 s\u00fcren 11. Yarg\u0131 paketi olarak adland\u0131r\u0131lan kanun tasla\u011f\u0131n\u0131 birka\u00e7 i\u00e7inde TBMM Ba\u015fkanl\u0131\u011f\u0131\u2019na sunmay\u0131 planl\u0131yor. Taslakta, kamuoyunda tepki toplayan LGBT\u0130\u2019lere y\u00f6nelik d\u00fczenlemenin yer almayaca\u011f\u0131 \u00f6\u011frenildi.\u00a0Read [&hellip;]<\/p>\n","protected":false},"author":1,"featured_media":10254,"comment_status":"open","ping_status":"open","sticky":false,"template":"","format":"standard","meta":{"footnotes":"","_links_to":"","_links_to_target":""},"categories":[1],"tags":[],"class_list":["post-10253","post","type-post","status-publish","format-standard","has-post-thumbnail","hentry","category-haberler"],"_links":{"self":[{"href":"https:\/\/www.abchukuk.com\/index.php\/wp-json\/wp\/v2\/posts\/10253","targetHints":{"allow":["GET"]}}],"collection":[{"href":"https:\/\/www.abchukuk.com\/index.php\/wp-json\/wp\/v2\/posts"}],"about":[{"href":"https:\/\/www.abchukuk.com\/index.php\/wp-json\/wp\/v2\/types\/post"}],"author":[{"embeddable":true,"href":"https:\/\/www.abchukuk.com\/index.php\/wp-json\/wp\/v2\/users\/1"}],"replies":[{"embeddable":true,"href":"https:\/\/www.abchukuk.com\/index.php\/wp-json\/wp\/v2\/comments?post=10253"}],"version-history":[{"count":0,"href":"https:\/\/www.abchukuk.com\/index.php\/wp-json\/wp\/v2\/posts\/10253\/revisions"}],"wp:featuredmedia":[{"embeddable":true,"href":"https:\/\/www.abchukuk.com\/index.php\/wp-json\/wp\/v2\/media\/10254"}],"wp:attachment":[{"href":"https:\/\/www.abchukuk.com\/index.php\/wp-json\/wp\/v2\/media?parent=10253"}],"wp:term":[{"taxonomy":"category","embeddable":true,"href":"https:\/\/www.abchukuk.com\/index.php\/wp-json\/wp\/v2\/categories?post=10253"},{"taxonomy":"post_tag","embeddable":true,"href":"https:\/\/www.abchukuk.com\/index.php\/wp-json\/wp\/v2\/tags?post=10253"}],"curies":[{"name":"wp","href":"https:\/\/api.w.org\/{rel}","templated":true}]}}