{"id":10247,"date":"2025-11-05T13:49:00","date_gmt":"2025-11-05T13:49:00","guid":{"rendered":"https:\/\/www.abchukuk.com\/index.php\/2025\/11\/05\/hasan-imamoglunun-avukati-ismail-emre-telci-bu-sorusturmada-ekrem-imamoglundan-ziyade-artik-ailesi-de-hedef-alinmaktadir\/"},"modified":"2025-11-05T13:49:00","modified_gmt":"2025-11-05T13:49:00","slug":"hasan-imamoglunun-avukati-ismail-emre-telci-bu-sorusturmada-ekrem-imamoglundan-ziyade-artik-ailesi-de-hedef-alinmaktadir","status":"publish","type":"post","link":"https:\/\/www.abchukuk.com\/index.php\/2025\/11\/05\/hasan-imamoglunun-avukati-ismail-emre-telci-bu-sorusturmada-ekrem-imamoglundan-ziyade-artik-ailesi-de-hedef-alinmaktadir\/","title":{"rendered":"Hasan \u0130mamo\u011flu\u2019nun avukat\u0131 \u0130smail Emre Telci: &#8216;Bu soru\u015fturmada Ekrem \u0130mamo\u011flu&#8217;ndan ziyade art\u0131k ailesi de hedef al\u0131nmaktad\u0131r&#8217;"},"content":{"rendered":"<p>\u0130BB Ba\u015fkan\u0131 Ekrem \u0130mamo\u011flu&#8217;nun babas\u0131 Hasan \u0130mamo\u011flu, &#8220;yolsuzluk&#8221; soru\u015fturmas\u0131 kapsam\u0131nda ifade verdi. Hasan \u0130mamo\u011flu&#8217;nun avukat\u0131 \u0130smail Emre Telci, &#8220;Belli ki bu soru\u015fturmada, Ekrem \u0130mamo\u011flu&#8217;ndan ziyade art\u0131k ailesi de hedef al\u0131nmaktad\u0131r. Ailesine kar\u015f\u0131 da bir husumet g\u00f6r\u00fclmektedir. Bu dosyaya ek olarak da bir de husumet eklendi\u011fini g\u00f6rm\u00fc\u015f bulunmaktay\u0131z. Ama nihayetinde biz bu i\u015fin sonunda herkesin dosya i\u00e7erisinde temsil etmi\u015f oldu\u011fumuz herkesin aklanaca\u011f\u0131n\u0131 biliyoruz&#8221; dedi.\u0130BB Ba\u015fkan\u0131 Ekrem \u0130mamo\u011flu&#8217;nun babas\u0131 Hasan \u0130mamo\u011flu, &#8220;yolsuzluk&#8221; soru\u015fturmas\u0131 kapsam\u0131nda ifade verdi. Hasan \u0130mamo\u011flu&#8217;nun avukat\u0131 \u0130smail Emre Telci, &#8220;Belli ki bu soru\u015fturmada, Ekrem \u0130mamo\u011flu&#8217;ndan ziyade art\u0131k ailesi de hedef al\u0131nmaktad\u0131r. Ailesine kar\u015f\u0131 da bir husumet g\u00f6r\u00fclmektedir. Bu dosyaya ek olarak da bir de husumet eklendi\u011fini g\u00f6rm\u00fc\u015f bulunmaktay\u0131z. Ama nihayetinde biz bu i\u015fin sonunda herkesin dosya i\u00e7erisinde temsil etmi\u015f oldu\u011fumuz herkesin aklanaca\u011f\u0131n\u0131 biliyoruz&#8221; dedi.\u00a0<a href=\"https:\/\/www.cumhuriyet.com.tr\/siyaset\/hasan-imamoglu-nun-avukati-ismail-emre-telci-bu-sorusturmada-ekrem-imamoglu-ndan-ziyade-artik-ailesi-de-hedef-alinmaktadir-2450096\" target=\"_blank\" class=\"feedzy-rss-link-icon\">Read More<\/a><\/p>","protected":false},"excerpt":{"rendered":"<p>\u0130BB Ba\u015fkan\u0131 Ekrem \u0130mamo\u011flu&#8217;nun babas\u0131 Hasan \u0130mamo\u011flu, &#8220;yolsuzluk&#8221; soru\u015fturmas\u0131 kapsam\u0131nda ifade verdi. Hasan \u0130mamo\u011flu&#8217;nun avukat\u0131 \u0130smail Emre Telci, &#8220;Belli ki bu soru\u015fturmada, Ekrem \u0130mamo\u011flu&#8217;ndan ziyade art\u0131k ailesi de hedef al\u0131nmaktad\u0131r. Ailesine kar\u015f\u0131 da bir husumet g\u00f6r\u00fclmektedir. Bu dosyaya ek olarak da bir de husumet eklendi\u011fini g\u00f6rm\u00fc\u015f bulunmaktay\u0131z. Ama nihayetinde biz bu i\u015fin sonunda herkesin dosya [&hellip;]<\/p>\n","protected":false},"author":1,"featured_media":10248,"comment_status":"open","ping_status":"open","sticky":false,"template":"","format":"standard","meta":{"footnotes":"","_links_to":"","_links_to_target":""},"categories":[1],"tags":[],"class_list":["post-10247","post","type-post","status-publish","format-standard","has-post-thumbnail","hentry","category-haberler"],"_links":{"self":[{"href":"https:\/\/www.abchukuk.com\/index.php\/wp-json\/wp\/v2\/posts\/10247","targetHints":{"allow":["GET"]}}],"collection":[{"href":"https:\/\/www.abchukuk.com\/index.php\/wp-json\/wp\/v2\/posts"}],"about":[{"href":"https:\/\/www.abchukuk.com\/index.php\/wp-json\/wp\/v2\/types\/post"}],"author":[{"embeddable":true,"href":"https:\/\/www.abchukuk.com\/index.php\/wp-json\/wp\/v2\/users\/1"}],"replies":[{"embeddable":true,"href":"https:\/\/www.abchukuk.com\/index.php\/wp-json\/wp\/v2\/comments?post=10247"}],"version-history":[{"count":0,"href":"https:\/\/www.abchukuk.com\/index.php\/wp-json\/wp\/v2\/posts\/10247\/revisions"}],"wp:featuredmedia":[{"embeddable":true,"href":"https:\/\/www.abchukuk.com\/index.php\/wp-json\/wp\/v2\/media\/10248"}],"wp:attachment":[{"href":"https:\/\/www.abchukuk.com\/index.php\/wp-json\/wp\/v2\/media?parent=10247"}],"wp:term":[{"taxonomy":"category","embeddable":true,"href":"https:\/\/www.abchukuk.com\/index.php\/wp-json\/wp\/v2\/categories?post=10247"},{"taxonomy":"post_tag","embeddable":true,"href":"https:\/\/www.abchukuk.com\/index.php\/wp-json\/wp\/v2\/tags?post=10247"}],"curies":[{"name":"wp","href":"https:\/\/api.w.org\/{rel}","templated":true}]}}