{"id":10246,"date":"2025-11-05T11:39:00","date_gmt":"2025-11-05T11:39:00","guid":{"rendered":"https:\/\/www.abchukuk.com\/index.php\/2025\/11\/05\/erdogan-demirtasin-tahliyesi-konusunda-yargi-ne-derse-ona-uyariz\/"},"modified":"2025-11-05T11:39:00","modified_gmt":"2025-11-05T11:39:00","slug":"erdogan-demirtasin-tahliyesi-konusunda-yargi-ne-derse-ona-uyariz","status":"publish","type":"post","link":"https:\/\/www.abchukuk.com\/index.php\/2025\/11\/05\/erdogan-demirtasin-tahliyesi-konusunda-yargi-ne-derse-ona-uyariz\/","title":{"rendered":"Erdo\u011fan: Demirta\u015f&#8217;\u0131n tahliyesi konusunda yarg\u0131 ne derse ona uyar\u0131z"},"content":{"rendered":"<p>Cumhurba\u015fkan\u0131 Erdo\u011fan, parti grup toplant\u0131s\u0131 \u00e7\u0131k\u0131\u015f\u0131nda gazeteciler taraf\u0131ndan Eski HDP E\u015f Ba\u015fkan\u0131 Demirta\u015f&#8217;\u0131n tahliye edilip edilmeyece\u011fi y\u00f6n\u00fcndeki tart\u0131\u015fmalar\u0131n sorulmas\u0131 \u00fczerine, &#8216;Bu \u00fclke yarg\u0131 \u00fclkesidir yarg\u0131 bu konuda ne derse ona uyar\u0131z,&#8217; dedi. Erdo\u011fan, &#8216;Ter\u00f6rs\u00fcz T\u00fcrkiye&#8217; s\u00fcrecine de de\u011findi.Cumhurba\u015fkan\u0131 Erdo\u011fan, parti grup toplant\u0131s\u0131 \u00e7\u0131k\u0131\u015f\u0131nda gazeteciler taraf\u0131ndan Eski HDP E\u015f Ba\u015fkan\u0131 Demirta\u015f&#8217;\u0131n tahliye edilip edilmeyece\u011fi y\u00f6n\u00fcndeki tart\u0131\u015fmalar\u0131n sorulmas\u0131 \u00fczerine, &#8216;Bu \u00fclke yarg\u0131 \u00fclkesidir yarg\u0131 bu konuda ne derse ona uyar\u0131z,&#8217; dedi. Erdo\u011fan, &#8216;Ter\u00f6rs\u00fcz T\u00fcrkiye&#8217; s\u00fcrecine de de\u011findi.\u00a0<a href=\"http:\/\/tr.euronews.com\/2025\/11\/05\/erdogan-demirtasin-tahliyesi-konusunda-yargi-ne-derse-ona-uyariz\" target=\"_blank\" class=\"feedzy-rss-link-icon\">Read More<\/a><\/p>","protected":false},"excerpt":{"rendered":"<p>Cumhurba\u015fkan\u0131 Erdo\u011fan, parti grup toplant\u0131s\u0131 \u00e7\u0131k\u0131\u015f\u0131nda gazeteciler taraf\u0131ndan Eski HDP E\u015f Ba\u015fkan\u0131 Demirta\u015f&#8217;\u0131n tahliye edilip edilmeyece\u011fi y\u00f6n\u00fcndeki tart\u0131\u015fmalar\u0131n sorulmas\u0131 \u00fczerine, &#8216;Bu \u00fclke yarg\u0131 \u00fclkesidir yarg\u0131 bu konuda ne derse ona uyar\u0131z,&#8217; dedi. Erdo\u011fan, &#8216;Ter\u00f6rs\u00fcz T\u00fcrkiye&#8217; s\u00fcrecine de de\u011findi.Cumhurba\u015fkan\u0131 Erdo\u011fan, parti grup toplant\u0131s\u0131 \u00e7\u0131k\u0131\u015f\u0131nda gazeteciler taraf\u0131ndan Eski HDP E\u015f Ba\u015fkan\u0131 Demirta\u015f&#8217;\u0131n tahliye edilip edilmeyece\u011fi y\u00f6n\u00fcndeki tart\u0131\u015fmalar\u0131n [&hellip;]<\/p>\n","protected":false},"author":1,"featured_media":0,"comment_status":"open","ping_status":"open","sticky":false,"template":"","format":"standard","meta":{"footnotes":"","_links_to":"","_links_to_target":""},"categories":[1],"tags":[],"class_list":["post-10246","post","type-post","status-publish","format-standard","hentry","category-haberler"],"_links":{"self":[{"href":"https:\/\/www.abchukuk.com\/index.php\/wp-json\/wp\/v2\/posts\/10246","targetHints":{"allow":["GET"]}}],"collection":[{"href":"https:\/\/www.abchukuk.com\/index.php\/wp-json\/wp\/v2\/posts"}],"about":[{"href":"https:\/\/www.abchukuk.com\/index.php\/wp-json\/wp\/v2\/types\/post"}],"author":[{"embeddable":true,"href":"https:\/\/www.abchukuk.com\/index.php\/wp-json\/wp\/v2\/users\/1"}],"replies":[{"embeddable":true,"href":"https:\/\/www.abchukuk.com\/index.php\/wp-json\/wp\/v2\/comments?post=10246"}],"version-history":[{"count":0,"href":"https:\/\/www.abchukuk.com\/index.php\/wp-json\/wp\/v2\/posts\/10246\/revisions"}],"wp:attachment":[{"href":"https:\/\/www.abchukuk.com\/index.php\/wp-json\/wp\/v2\/media?parent=10246"}],"wp:term":[{"taxonomy":"category","embeddable":true,"href":"https:\/\/www.abchukuk.com\/index.php\/wp-json\/wp\/v2\/categories?post=10246"},{"taxonomy":"post_tag","embeddable":true,"href":"https:\/\/www.abchukuk.com\/index.php\/wp-json\/wp\/v2\/tags?post=10246"}],"curies":[{"name":"wp","href":"https:\/\/api.w.org\/{rel}","templated":true}]}}