{"id":10244,"date":"2025-11-05T12:19:00","date_gmt":"2025-11-05T12:19:00","guid":{"rendered":"https:\/\/www.abchukuk.com\/index.php\/2025\/11\/05\/eski-bakan-huseyin-celikten-demirtas-kavala-ve-atalay-aciklamasi-hukuksuz-turkiye-algisiyla-terorsuz-turkiye-hedefine-ulasamayiz\/"},"modified":"2025-11-05T12:19:00","modified_gmt":"2025-11-05T12:19:00","slug":"eski-bakan-huseyin-celikten-demirtas-kavala-ve-atalay-aciklamasi-hukuksuz-turkiye-algisiyla-terorsuz-turkiye-hedefine-ulasamayiz","status":"publish","type":"post","link":"https:\/\/www.abchukuk.com\/index.php\/2025\/11\/05\/eski-bakan-huseyin-celikten-demirtas-kavala-ve-atalay-aciklamasi-hukuksuz-turkiye-algisiyla-terorsuz-turkiye-hedefine-ulasamayiz\/","title":{"rendered":"Eski Bakan H\u00fcseyin \u00c7elik&#8217;ten Demirta\u015f, Kavala ve Atalay a\u00e7\u0131klamas\u0131: &#8216;Hukuksuz T\u00fcrkiye&#8217; alg\u0131s\u0131yla &#8216;Ter\u00f6rs\u00fcz T\u00fcrkiye&#8217; hedefine ula\u015famay\u0131z"},"content":{"rendered":"<p>Eski Milli E\u011fitim Bakan\u0131 H\u00fcseyin \u00c7elik, &#8220;Bir ki\u015finin serbest b\u0131rak\u0131lmas\u0131 veya tutuklu kalmas\u0131, ba\u011f\u0131ms\u0131z mahkemelerin kararlar\u0131yla de\u011fil de iktidar g\u00fcc\u00fcn\u00fc ellerinde bulunduran siyaset\u00e7ilerin talimat veya telkinleri ile oluyorsa hukuk devleti ad\u0131na matem tutulacak zamand\u0131r&#8221; dedi.Eski Milli E\u011fitim Bakan\u0131 H\u00fcseyin \u00c7elik, &#8220;Bir ki\u015finin serbest b\u0131rak\u0131lmas\u0131 veya tutuklu kalmas\u0131, ba\u011f\u0131ms\u0131z mahkemelerin kararlar\u0131yla de\u011fil de iktidar g\u00fcc\u00fcn\u00fc ellerinde bulunduran siyaset\u00e7ilerin talimat veya telkinleri ile oluyorsa hukuk devleti ad\u0131na matem tutulacak zamand\u0131r&#8221; dedi.\u00a0<a href=\"https:\/\/www.cumhuriyet.com.tr\/turkiye\/eski-bakan-huseyin-celik-ten-demirtas-kavala-ve-atalay-aciklamasi-hukuksuz-turkiye-algisiyla-terorsuz-turkiye-hedefine-ulasamayiz-2450048\" target=\"_blank\" class=\"feedzy-rss-link-icon\">Read More<\/a><\/p>","protected":false},"excerpt":{"rendered":"<p>Eski Milli E\u011fitim Bakan\u0131 H\u00fcseyin \u00c7elik, &#8220;Bir ki\u015finin serbest b\u0131rak\u0131lmas\u0131 veya tutuklu kalmas\u0131, ba\u011f\u0131ms\u0131z mahkemelerin kararlar\u0131yla de\u011fil de iktidar g\u00fcc\u00fcn\u00fc ellerinde bulunduran siyaset\u00e7ilerin talimat veya telkinleri ile oluyorsa hukuk devleti ad\u0131na matem tutulacak zamand\u0131r&#8221; dedi.Eski Milli E\u011fitim Bakan\u0131 H\u00fcseyin \u00c7elik, &#8220;Bir ki\u015finin serbest b\u0131rak\u0131lmas\u0131 veya tutuklu kalmas\u0131, ba\u011f\u0131ms\u0131z mahkemelerin kararlar\u0131yla de\u011fil de iktidar g\u00fcc\u00fcn\u00fc ellerinde [&hellip;]<\/p>\n","protected":false},"author":1,"featured_media":10245,"comment_status":"open","ping_status":"open","sticky":false,"template":"","format":"standard","meta":{"footnotes":"","_links_to":"","_links_to_target":""},"categories":[1],"tags":[],"class_list":["post-10244","post","type-post","status-publish","format-standard","has-post-thumbnail","hentry","category-haberler"],"_links":{"self":[{"href":"https:\/\/www.abchukuk.com\/index.php\/wp-json\/wp\/v2\/posts\/10244","targetHints":{"allow":["GET"]}}],"collection":[{"href":"https:\/\/www.abchukuk.com\/index.php\/wp-json\/wp\/v2\/posts"}],"about":[{"href":"https:\/\/www.abchukuk.com\/index.php\/wp-json\/wp\/v2\/types\/post"}],"author":[{"embeddable":true,"href":"https:\/\/www.abchukuk.com\/index.php\/wp-json\/wp\/v2\/users\/1"}],"replies":[{"embeddable":true,"href":"https:\/\/www.abchukuk.com\/index.php\/wp-json\/wp\/v2\/comments?post=10244"}],"version-history":[{"count":0,"href":"https:\/\/www.abchukuk.com\/index.php\/wp-json\/wp\/v2\/posts\/10244\/revisions"}],"wp:featuredmedia":[{"embeddable":true,"href":"https:\/\/www.abchukuk.com\/index.php\/wp-json\/wp\/v2\/media\/10245"}],"wp:attachment":[{"href":"https:\/\/www.abchukuk.com\/index.php\/wp-json\/wp\/v2\/media?parent=10244"}],"wp:term":[{"taxonomy":"category","embeddable":true,"href":"https:\/\/www.abchukuk.com\/index.php\/wp-json\/wp\/v2\/categories?post=10244"},{"taxonomy":"post_tag","embeddable":true,"href":"https:\/\/www.abchukuk.com\/index.php\/wp-json\/wp\/v2\/tags?post=10244"}],"curies":[{"name":"wp","href":"https:\/\/api.w.org\/{rel}","templated":true}]}}