{"id":10242,"date":"2025-11-05T12:29:00","date_gmt":"2025-11-05T12:29:00","guid":{"rendered":"https:\/\/www.abchukuk.com\/index.php\/2025\/11\/05\/11-yargi-paketi-son-durum-yeni-yargi-paketi-meclise-geldi-mi-ne-zaman-gelecek\/"},"modified":"2025-11-05T12:29:00","modified_gmt":"2025-11-05T12:29:00","slug":"11-yargi-paketi-son-durum-yeni-yargi-paketi-meclise-geldi-mi-ne-zaman-gelecek","status":"publish","type":"post","link":"https:\/\/www.abchukuk.com\/index.php\/2025\/11\/05\/11-yargi-paketi-son-durum-yeni-yargi-paketi-meclise-geldi-mi-ne-zaman-gelecek\/","title":{"rendered":"11. Yarg\u0131 Paketi son durum? Yeni yarg\u0131 paketi Meclis&#8217;e geldi mi, ne zaman gelecek?"},"content":{"rendered":"<p>11. Yarg\u0131 Paketi\u2019ne ili\u015fkin geli\u015fmeler kamuoyunun yak\u0131n takibinde. Yeni yarg\u0131 d\u00fczenlemesinin i\u00e7eri\u011fi ve Meclis\u2019e sunulaca\u011f\u0131 tarih merak ediliyor. Adalet Bakanl\u0131\u011f\u0131n\u0131n \u00fczerinde \u00e7al\u0131\u015ft\u0131\u011f\u0131 paketin hangi maddeleri kapsayaca\u011f\u0131 ara\u015ft\u0131r\u0131l\u0131yor. Vatanda\u015flar \u00f6zellikle infaz ve af konular\u0131ndaki olas\u0131 de\u011fi\u015fiklikleri sorguluyor. \u201c11. Yarg\u0131 Paketi ne zaman Meclis\u2019e gelecek?\u201d sorusu tekrar tekrar y\u00f6neltiliyor.11. Yarg\u0131 Paketi\u2019ne ili\u015fkin geli\u015fmeler kamuoyunun yak\u0131n takibinde. Yeni yarg\u0131 d\u00fczenlemesinin i\u00e7eri\u011fi ve Meclis\u2019e sunulaca\u011f\u0131 tarih merak ediliyor. Adalet Bakanl\u0131\u011f\u0131n\u0131n \u00fczerinde \u00e7al\u0131\u015ft\u0131\u011f\u0131 paketin hangi maddeleri kapsayaca\u011f\u0131 ara\u015ft\u0131r\u0131l\u0131yor. Vatanda\u015flar \u00f6zellikle infaz ve af konular\u0131ndaki olas\u0131 de\u011fi\u015fiklikleri sorguluyor. \u201c11. Yarg\u0131 Paketi ne zaman Meclis\u2019e gelecek?\u201d sorusu tekrar tekrar y\u00f6neltiliyor.\u00a0<a href=\"https:\/\/www.dunya.com\/gundem\/11-yargi-paketi-son-durum-yeni-yargi-paketi-meclise-geldi-mi-ne-zaman-gelecek-haberi-801711\" target=\"_blank\" class=\"feedzy-rss-link-icon\">Read More<\/a><\/p>","protected":false},"excerpt":{"rendered":"<p>11. Yarg\u0131 Paketi\u2019ne ili\u015fkin geli\u015fmeler kamuoyunun yak\u0131n takibinde. Yeni yarg\u0131 d\u00fczenlemesinin i\u00e7eri\u011fi ve Meclis\u2019e sunulaca\u011f\u0131 tarih merak ediliyor. Adalet Bakanl\u0131\u011f\u0131n\u0131n \u00fczerinde \u00e7al\u0131\u015ft\u0131\u011f\u0131 paketin hangi maddeleri kapsayaca\u011f\u0131 ara\u015ft\u0131r\u0131l\u0131yor. Vatanda\u015flar \u00f6zellikle infaz ve af konular\u0131ndaki olas\u0131 de\u011fi\u015fiklikleri sorguluyor. \u201c11. Yarg\u0131 Paketi ne zaman Meclis\u2019e gelecek?\u201d sorusu tekrar tekrar y\u00f6neltiliyor.11. Yarg\u0131 Paketi\u2019ne ili\u015fkin geli\u015fmeler kamuoyunun yak\u0131n takibinde. Yeni [&hellip;]<\/p>\n","protected":false},"author":1,"featured_media":10243,"comment_status":"open","ping_status":"open","sticky":false,"template":"","format":"standard","meta":{"footnotes":"","_links_to":"","_links_to_target":""},"categories":[1],"tags":[],"class_list":["post-10242","post","type-post","status-publish","format-standard","has-post-thumbnail","hentry","category-haberler"],"_links":{"self":[{"href":"https:\/\/www.abchukuk.com\/index.php\/wp-json\/wp\/v2\/posts\/10242","targetHints":{"allow":["GET"]}}],"collection":[{"href":"https:\/\/www.abchukuk.com\/index.php\/wp-json\/wp\/v2\/posts"}],"about":[{"href":"https:\/\/www.abchukuk.com\/index.php\/wp-json\/wp\/v2\/types\/post"}],"author":[{"embeddable":true,"href":"https:\/\/www.abchukuk.com\/index.php\/wp-json\/wp\/v2\/users\/1"}],"replies":[{"embeddable":true,"href":"https:\/\/www.abchukuk.com\/index.php\/wp-json\/wp\/v2\/comments?post=10242"}],"version-history":[{"count":0,"href":"https:\/\/www.abchukuk.com\/index.php\/wp-json\/wp\/v2\/posts\/10242\/revisions"}],"wp:featuredmedia":[{"embeddable":true,"href":"https:\/\/www.abchukuk.com\/index.php\/wp-json\/wp\/v2\/media\/10243"}],"wp:attachment":[{"href":"https:\/\/www.abchukuk.com\/index.php\/wp-json\/wp\/v2\/media?parent=10242"}],"wp:term":[{"taxonomy":"category","embeddable":true,"href":"https:\/\/www.abchukuk.com\/index.php\/wp-json\/wp\/v2\/categories?post=10242"},{"taxonomy":"post_tag","embeddable":true,"href":"https:\/\/www.abchukuk.com\/index.php\/wp-json\/wp\/v2\/tags?post=10242"}],"curies":[{"name":"wp","href":"https:\/\/api.w.org\/{rel}","templated":true}]}}