{"id":10238,"date":"2025-11-05T11:04:00","date_gmt":"2025-11-05T11:04:00","guid":{"rendered":"https:\/\/www.abchukuk.com\/index.php\/2025\/11\/05\/cumhurbaskani-erdogandan-demirtas-aciklamasi-bu-ulke-yargi-devletidir-karar-neyse-ona-uyariz\/"},"modified":"2025-11-05T11:04:00","modified_gmt":"2025-11-05T11:04:00","slug":"cumhurbaskani-erdogandan-demirtas-aciklamasi-bu-ulke-yargi-devletidir-karar-neyse-ona-uyariz","status":"publish","type":"post","link":"https:\/\/www.abchukuk.com\/index.php\/2025\/11\/05\/cumhurbaskani-erdogandan-demirtas-aciklamasi-bu-ulke-yargi-devletidir-karar-neyse-ona-uyariz\/","title":{"rendered":"Cumhurba\u015fkan\u0131 Erdo\u011fan&#8217;dan Demirta\u015f a\u00e7\u0131klamas\u0131: Bu \u00fclke yarg\u0131 devletidir, karar neyse ona uyar\u0131z"},"content":{"rendered":"<p>Cumhurba\u015fkan\u0131 Erdo\u011fan, A\u0130HM\u2019in Selahattin Demirta\u015f karar\u0131na ili\u015fkin soruya \u201cBu \u00fclke yarg\u0131 \u00fclkesidir, yarg\u0131 ne derse ona uyar\u0131z\u201d yan\u0131t\u0131n\u0131 verdi.Cumhurba\u015fkan\u0131 Erdo\u011fan, A\u0130HM\u2019in Selahattin Demirta\u015f karar\u0131na ili\u015fkin soruya \u201cBu \u00fclke yarg\u0131 \u00fclkesidir, yarg\u0131 ne derse ona uyar\u0131z\u201d yan\u0131t\u0131n\u0131 verdi.\u00a0<a href=\"https:\/\/www.dunya.com\/gundem\/cumhurbaskani-erdogandan-demirtas-aciklamasi-bu-ulke-yargi-devletidir-karar-neyse-ona-uyariz-haberi-801698\" target=\"_blank\" class=\"feedzy-rss-link-icon\">Read More<\/a><\/p>","protected":false},"excerpt":{"rendered":"<p>Cumhurba\u015fkan\u0131 Erdo\u011fan, A\u0130HM\u2019in Selahattin Demirta\u015f karar\u0131na ili\u015fkin soruya \u201cBu \u00fclke yarg\u0131 \u00fclkesidir, yarg\u0131 ne derse ona uyar\u0131z\u201d yan\u0131t\u0131n\u0131 verdi.Cumhurba\u015fkan\u0131 Erdo\u011fan, A\u0130HM\u2019in Selahattin Demirta\u015f karar\u0131na ili\u015fkin soruya \u201cBu \u00fclke yarg\u0131 \u00fclkesidir, yarg\u0131 ne derse ona uyar\u0131z\u201d yan\u0131t\u0131n\u0131 verdi.\u00a0Read More<\/p>\n","protected":false},"author":1,"featured_media":10239,"comment_status":"open","ping_status":"open","sticky":false,"template":"","format":"standard","meta":{"footnotes":"","_links_to":"","_links_to_target":""},"categories":[1],"tags":[],"class_list":["post-10238","post","type-post","status-publish","format-standard","has-post-thumbnail","hentry","category-haberler"],"_links":{"self":[{"href":"https:\/\/www.abchukuk.com\/index.php\/wp-json\/wp\/v2\/posts\/10238","targetHints":{"allow":["GET"]}}],"collection":[{"href":"https:\/\/www.abchukuk.com\/index.php\/wp-json\/wp\/v2\/posts"}],"about":[{"href":"https:\/\/www.abchukuk.com\/index.php\/wp-json\/wp\/v2\/types\/post"}],"author":[{"embeddable":true,"href":"https:\/\/www.abchukuk.com\/index.php\/wp-json\/wp\/v2\/users\/1"}],"replies":[{"embeddable":true,"href":"https:\/\/www.abchukuk.com\/index.php\/wp-json\/wp\/v2\/comments?post=10238"}],"version-history":[{"count":0,"href":"https:\/\/www.abchukuk.com\/index.php\/wp-json\/wp\/v2\/posts\/10238\/revisions"}],"wp:featuredmedia":[{"embeddable":true,"href":"https:\/\/www.abchukuk.com\/index.php\/wp-json\/wp\/v2\/media\/10239"}],"wp:attachment":[{"href":"https:\/\/www.abchukuk.com\/index.php\/wp-json\/wp\/v2\/media?parent=10238"}],"wp:term":[{"taxonomy":"category","embeddable":true,"href":"https:\/\/www.abchukuk.com\/index.php\/wp-json\/wp\/v2\/categories?post=10238"},{"taxonomy":"post_tag","embeddable":true,"href":"https:\/\/www.abchukuk.com\/index.php\/wp-json\/wp\/v2\/tags?post=10238"}],"curies":[{"name":"wp","href":"https:\/\/api.w.org\/{rel}","templated":true}]}}