{"id":10232,"date":"2025-11-05T11:31:00","date_gmt":"2025-11-05T11:31:00","guid":{"rendered":"https:\/\/www.abchukuk.com\/index.php\/2025\/11\/05\/konak-belediyesine-operasyon-gozaltilar-var\/"},"modified":"2025-11-05T11:31:00","modified_gmt":"2025-11-05T11:31:00","slug":"konak-belediyesine-operasyon-gozaltilar-var","status":"publish","type":"post","link":"https:\/\/www.abchukuk.com\/index.php\/2025\/11\/05\/konak-belediyesine-operasyon-gozaltilar-var\/","title":{"rendered":"Konak Belediyesi&#8217;ne operasyon: G\u00f6zalt\u0131lar var!"},"content":{"rendered":"<p>\u0130zmir\u2019in Konak Belediyesi\u2019nde y\u00fcr\u00fct\u00fclen Fark\u0131ndal\u0131k, \u0130klim ve \u00c7evre \u0130\u00e7in Stratejik Ortakl\u0131k (SPACE) Projesi kapsam\u0131nda yap\u0131lan hizmet ihalesine usuls\u00fczl\u00fck kar\u0131\u015ft\u0131r\u0131ld\u0131\u011f\u0131 iddias\u0131yla d\u00fczenlenen e\u015f zamanl\u0131 operasyonda 4 ki\u015fi g\u00f6zalt\u0131na al\u0131nd\u0131.\u0130zmir\u2019in Konak Belediyesi\u2019nde y\u00fcr\u00fct\u00fclen Fark\u0131ndal\u0131k, \u0130klim ve \u00c7evre \u0130\u00e7in Stratejik Ortakl\u0131k (SPACE) Projesi kapsam\u0131nda yap\u0131lan hizmet ihalesine usuls\u00fczl\u00fck kar\u0131\u015ft\u0131r\u0131ld\u0131\u011f\u0131 iddias\u0131yla d\u00fczenlenen e\u015f zamanl\u0131 operasyonda 4 ki\u015fi g\u00f6zalt\u0131na al\u0131nd\u0131.\u00a0<a href=\"https:\/\/www.cumhuriyet.com.tr\/turkiye\/konak-belediyesi-ne-operasyon-gozaltilar-var-2450042\" target=\"_blank\" class=\"feedzy-rss-link-icon\">Read More<\/a><\/p>","protected":false},"excerpt":{"rendered":"<p>\u0130zmir\u2019in Konak Belediyesi\u2019nde y\u00fcr\u00fct\u00fclen Fark\u0131ndal\u0131k, \u0130klim ve \u00c7evre \u0130\u00e7in Stratejik Ortakl\u0131k (SPACE) Projesi kapsam\u0131nda yap\u0131lan hizmet ihalesine usuls\u00fczl\u00fck kar\u0131\u015ft\u0131r\u0131ld\u0131\u011f\u0131 iddias\u0131yla d\u00fczenlenen e\u015f zamanl\u0131 operasyonda 4 ki\u015fi g\u00f6zalt\u0131na al\u0131nd\u0131.\u0130zmir\u2019in Konak Belediyesi\u2019nde y\u00fcr\u00fct\u00fclen Fark\u0131ndal\u0131k, \u0130klim ve \u00c7evre \u0130\u00e7in Stratejik Ortakl\u0131k (SPACE) Projesi kapsam\u0131nda yap\u0131lan hizmet ihalesine usuls\u00fczl\u00fck kar\u0131\u015ft\u0131r\u0131ld\u0131\u011f\u0131 iddias\u0131yla d\u00fczenlenen e\u015f zamanl\u0131 operasyonda 4 ki\u015fi g\u00f6zalt\u0131na al\u0131nd\u0131.\u00a0Read [&hellip;]<\/p>\n","protected":false},"author":1,"featured_media":10233,"comment_status":"open","ping_status":"open","sticky":false,"template":"","format":"standard","meta":{"footnotes":"","_links_to":"","_links_to_target":""},"categories":[1],"tags":[],"class_list":["post-10232","post","type-post","status-publish","format-standard","has-post-thumbnail","hentry","category-haberler"],"_links":{"self":[{"href":"https:\/\/www.abchukuk.com\/index.php\/wp-json\/wp\/v2\/posts\/10232","targetHints":{"allow":["GET"]}}],"collection":[{"href":"https:\/\/www.abchukuk.com\/index.php\/wp-json\/wp\/v2\/posts"}],"about":[{"href":"https:\/\/www.abchukuk.com\/index.php\/wp-json\/wp\/v2\/types\/post"}],"author":[{"embeddable":true,"href":"https:\/\/www.abchukuk.com\/index.php\/wp-json\/wp\/v2\/users\/1"}],"replies":[{"embeddable":true,"href":"https:\/\/www.abchukuk.com\/index.php\/wp-json\/wp\/v2\/comments?post=10232"}],"version-history":[{"count":0,"href":"https:\/\/www.abchukuk.com\/index.php\/wp-json\/wp\/v2\/posts\/10232\/revisions"}],"wp:featuredmedia":[{"embeddable":true,"href":"https:\/\/www.abchukuk.com\/index.php\/wp-json\/wp\/v2\/media\/10233"}],"wp:attachment":[{"href":"https:\/\/www.abchukuk.com\/index.php\/wp-json\/wp\/v2\/media?parent=10232"}],"wp:term":[{"taxonomy":"category","embeddable":true,"href":"https:\/\/www.abchukuk.com\/index.php\/wp-json\/wp\/v2\/categories?post=10232"},{"taxonomy":"post_tag","embeddable":true,"href":"https:\/\/www.abchukuk.com\/index.php\/wp-json\/wp\/v2\/tags?post=10232"}],"curies":[{"name":"wp","href":"https:\/\/api.w.org\/{rel}","templated":true}]}}