{"id":10229,"date":"2025-11-05T09:59:50","date_gmt":"2025-11-05T09:59:50","guid":{"rendered":"https:\/\/www.abchukuk.com\/index.php\/2025\/11\/05\/bakan-tunc-selahattin-demirtas-ile-ilgili-hep-birlikte-mahkemenin-degerlendirme-sirasini-beklemek-gerekecek\/"},"modified":"2025-11-05T09:59:50","modified_gmt":"2025-11-05T09:59:50","slug":"bakan-tunc-selahattin-demirtas-ile-ilgili-hep-birlikte-mahkemenin-degerlendirme-sirasini-beklemek-gerekecek","status":"publish","type":"post","link":"https:\/\/www.abchukuk.com\/index.php\/2025\/11\/05\/bakan-tunc-selahattin-demirtas-ile-ilgili-hep-birlikte-mahkemenin-degerlendirme-sirasini-beklemek-gerekecek\/","title":{"rendered":"Bakan Tun\u00e7: Selahattin Demirta\u015f ile ilgili, \u201chep birlikte mahkemenin de\u011ferlendirme s\u0131ras\u0131n\u0131 beklemek gerekecek\u201d"},"content":{"rendered":"<p>AK Parti TBMM Grup Toplant\u0131s\u0131 \u00f6ncesinde bas\u0131n mensuplar\u0131n\u0131n sorular\u0131n\u0131 cevapland\u0131ran Adalet Bakan\u0131 Y\u0131lmaz Tun\u00e7, Selahattin Demirta\u015f\u2019\u0131n istinaf s\u00fcrecinin devam etti\u011fini ve bu s\u00fcre\u00e7te hep birlikte mahkemenin de\u011ferlendirmesini beklemek gerekti\u011fini belirtti.<\/p>\n<p>\u201c\u015eU ANDA \u0130ST\u0130NAF S\u00dcREC\u0130 DEVAM ED\u0130YOR\u201d<\/p>\n<p>Bakan Tun\u00e7, yapt\u0131\u011f\u0131 a\u00e7\u0131klamada \u015fu ifadelere yer verdi: \u201cAnkara 22. A\u011f\u0131r Ceza Mahkemesi\u2019nde verilen bir karar s\u00f6z konusuydu. 2019\u2019dan bu yana tutuklulu\u011funun devam etti\u011fi \u2018Kobani Davas\u0131\u2019 olarak bilinen davayla ilgili olarak \u015fu anda istinaf s\u00fcreci devam ediyor. Ankara B\u00f6lge Adliye Mahkemesi 22. Ceza Dairesi\u2019nde dava serbest. Tabi tutuklukla ilgili Avrupa \u0130nsan Haklar\u0131 S\u00f6zle\u015fmesi\u2019nin 5. maddesindeki g\u00fcvenlik hakk\u0131yla ilgili olarak tutuklama \u015fartlar\u0131yla ilgili olarak Avrupa \u0130nsan Haklar\u0131 Mahkemesi\u2019ne yap\u0131lan ilgili dairede g\u00f6r\u00fc\u015f\u00fclmesi talebi panel taraf\u0131ndan kabul edilmemi\u015fti. \u015eu anda g\u00f6r\u00fcnmekte olan Ankara B\u00f6lge Adliye Mahkemesi 22. Ceza Dairesi\u2019ne gelmesi durumunda, orada ilgililerin m\u00fcracaat\u0131 durumunda, mahkeme taraf\u0131ndan de\u011ferlendirilecektir. Bu s\u00fcreci hep birlikte mahkemenin de\u011ferlendirme s\u0131ras\u0131n\u0131 beklemek gerekecek.\u201d<\/p>\n<p>\u00a0<\/p>\n<p>\u00a0<\/p>\n<p>\u00a0<\/p>\n<p>\u00a0<\/p>\n<p>\u00a0<\/p>\n<p>Bas\u0131n mensuplar\u0131n\u0131n sorular\u0131n\u0131 cevaplayan Adalet Bakan\u0131 Y\u0131lmaz Tun\u00e7, Selahattin Demirta\u015f&#8217;\u0131n durumuyla ilgili, &#8220;Bu s\u00fcre\u00e7te hep birlikte mahkemenin de\u011ferlendirme s\u0131ras\u0131n\u0131 beklemek gerekecek&#8221; dedi.\u00a0<a href=\"https:\/\/www.son.tv\/bakan-tunc-selahattin-demirtas-ile-ilgili-hep-birlikte-mahkemenin-degerlendirme-sirasini-beklemek-gerekecek\/\" target=\"_blank\" class=\"feedzy-rss-link-icon\">Read More<\/a><\/p>","protected":false},"excerpt":{"rendered":"<p>AK Parti TBMM Grup Toplant\u0131s\u0131 \u00f6ncesinde bas\u0131n mensuplar\u0131n\u0131n sorular\u0131n\u0131 cevapland\u0131ran Adalet Bakan\u0131 Y\u0131lmaz Tun\u00e7, Selahattin Demirta\u015f\u2019\u0131n istinaf s\u00fcrecinin devam etti\u011fini ve bu s\u00fcre\u00e7te hep birlikte mahkemenin de\u011ferlendirmesini beklemek gerekti\u011fini belirtti. \u201c\u015eU ANDA \u0130ST\u0130NAF S\u00dcREC\u0130 DEVAM ED\u0130YOR\u201d Bakan Tun\u00e7, yapt\u0131\u011f\u0131 a\u00e7\u0131klamada \u015fu ifadelere yer verdi: \u201cAnkara 22. A\u011f\u0131r Ceza Mahkemesi\u2019nde verilen bir karar s\u00f6z konusuydu. 2019\u2019dan [&hellip;]<\/p>\n","protected":false},"author":1,"featured_media":0,"comment_status":"open","ping_status":"open","sticky":false,"template":"","format":"standard","meta":{"footnotes":"","_links_to":"","_links_to_target":""},"categories":[1],"tags":[],"class_list":["post-10229","post","type-post","status-publish","format-standard","hentry","category-haberler"],"_links":{"self":[{"href":"https:\/\/www.abchukuk.com\/index.php\/wp-json\/wp\/v2\/posts\/10229","targetHints":{"allow":["GET"]}}],"collection":[{"href":"https:\/\/www.abchukuk.com\/index.php\/wp-json\/wp\/v2\/posts"}],"about":[{"href":"https:\/\/www.abchukuk.com\/index.php\/wp-json\/wp\/v2\/types\/post"}],"author":[{"embeddable":true,"href":"https:\/\/www.abchukuk.com\/index.php\/wp-json\/wp\/v2\/users\/1"}],"replies":[{"embeddable":true,"href":"https:\/\/www.abchukuk.com\/index.php\/wp-json\/wp\/v2\/comments?post=10229"}],"version-history":[{"count":0,"href":"https:\/\/www.abchukuk.com\/index.php\/wp-json\/wp\/v2\/posts\/10229\/revisions"}],"wp:attachment":[{"href":"https:\/\/www.abchukuk.com\/index.php\/wp-json\/wp\/v2\/media?parent=10229"}],"wp:term":[{"taxonomy":"category","embeddable":true,"href":"https:\/\/www.abchukuk.com\/index.php\/wp-json\/wp\/v2\/categories?post=10229"},{"taxonomy":"post_tag","embeddable":true,"href":"https:\/\/www.abchukuk.com\/index.php\/wp-json\/wp\/v2\/tags?post=10229"}],"curies":[{"name":"wp","href":"https:\/\/api.w.org\/{rel}","templated":true}]}}