{"id":10228,"date":"2025-11-05T10:08:33","date_gmt":"2025-11-05T10:08:33","guid":{"rendered":"https:\/\/www.abchukuk.com\/index.php\/2025\/11\/05\/adalet-bakani-tunctan-selahattin-demirtas-aciklamasi-sureci-mahkeme-degerlendirecek\/"},"modified":"2025-11-05T10:08:33","modified_gmt":"2025-11-05T10:08:33","slug":"adalet-bakani-tunctan-selahattin-demirtas-aciklamasi-sureci-mahkeme-degerlendirecek","status":"publish","type":"post","link":"https:\/\/www.abchukuk.com\/index.php\/2025\/11\/05\/adalet-bakani-tunctan-selahattin-demirtas-aciklamasi-sureci-mahkeme-degerlendirecek\/","title":{"rendered":"Adalet Bakan\u0131 Tun\u00e7&#8217;tan, Selahattin Demirta\u015f a\u00e7\u0131klamas\u0131: S\u00fcreci mahkeme de\u011ferlendirecek"},"content":{"rendered":"<p>A\u0130HM&#8217;in Selahattin Demirta\u015f karar\u0131yla ilgili konu\u015fan Adalet Bakan\u0131 Y\u0131lmaz Tun\u00e7, karar\u0131n kesinle\u015fti\u011fini, s\u00fcreci mahkemenin de\u011ferlendirece\u011fini ifade etti.A\u0130HM&#8217;in Selahattin Demirta\u015f karar\u0131yla ilgili konu\u015fan Adalet Bakan\u0131 Y\u0131lmaz Tun\u00e7, karar\u0131n kesinle\u015fti\u011fini, s\u00fcreci mahkemenin de\u011ferlendirece\u011fini ifade etti.\u00a0<a href=\"https:\/\/anlatilaninotesi.com.tr\/20251105\/adalet-bakani-tunctan-selahattin-demirtas-aciklamasi-sureci-mahkeme-degerlendirecek--1100753629.html\" target=\"_blank\" class=\"feedzy-rss-link-icon\">Read More<\/a><\/p>","protected":false},"excerpt":{"rendered":"<p>A\u0130HM&#8217;in Selahattin Demirta\u015f karar\u0131yla ilgili konu\u015fan Adalet Bakan\u0131 Y\u0131lmaz Tun\u00e7, karar\u0131n kesinle\u015fti\u011fini, s\u00fcreci mahkemenin de\u011ferlendirece\u011fini ifade etti.A\u0130HM&#8217;in Selahattin Demirta\u015f karar\u0131yla ilgili konu\u015fan Adalet Bakan\u0131 Y\u0131lmaz Tun\u00e7, karar\u0131n kesinle\u015fti\u011fini, s\u00fcreci mahkemenin de\u011ferlendirece\u011fini ifade etti.\u00a0Read More<\/p>\n","protected":false},"author":1,"featured_media":0,"comment_status":"open","ping_status":"open","sticky":false,"template":"","format":"standard","meta":{"footnotes":"","_links_to":"","_links_to_target":""},"categories":[1],"tags":[],"class_list":["post-10228","post","type-post","status-publish","format-standard","hentry","category-haberler"],"_links":{"self":[{"href":"https:\/\/www.abchukuk.com\/index.php\/wp-json\/wp\/v2\/posts\/10228","targetHints":{"allow":["GET"]}}],"collection":[{"href":"https:\/\/www.abchukuk.com\/index.php\/wp-json\/wp\/v2\/posts"}],"about":[{"href":"https:\/\/www.abchukuk.com\/index.php\/wp-json\/wp\/v2\/types\/post"}],"author":[{"embeddable":true,"href":"https:\/\/www.abchukuk.com\/index.php\/wp-json\/wp\/v2\/users\/1"}],"replies":[{"embeddable":true,"href":"https:\/\/www.abchukuk.com\/index.php\/wp-json\/wp\/v2\/comments?post=10228"}],"version-history":[{"count":0,"href":"https:\/\/www.abchukuk.com\/index.php\/wp-json\/wp\/v2\/posts\/10228\/revisions"}],"wp:attachment":[{"href":"https:\/\/www.abchukuk.com\/index.php\/wp-json\/wp\/v2\/media?parent=10228"}],"wp:term":[{"taxonomy":"category","embeddable":true,"href":"https:\/\/www.abchukuk.com\/index.php\/wp-json\/wp\/v2\/categories?post=10228"},{"taxonomy":"post_tag","embeddable":true,"href":"https:\/\/www.abchukuk.com\/index.php\/wp-json\/wp\/v2\/tags?post=10228"}],"curies":[{"name":"wp","href":"https:\/\/api.w.org\/{rel}","templated":true}]}}