{"id":10222,"date":"2025-11-05T10:57:59","date_gmt":"2025-11-05T10:57:59","guid":{"rendered":"https:\/\/www.abchukuk.com\/index.php\/2025\/11\/05\/erdogana-bahcelinin-demirtas-aciklamasi-soruldu-yargi-ne-derse-ona-uyariz\/"},"modified":"2025-11-05T10:57:59","modified_gmt":"2025-11-05T10:57:59","slug":"erdogana-bahcelinin-demirtas-aciklamasi-soruldu-yargi-ne-derse-ona-uyariz","status":"publish","type":"post","link":"https:\/\/www.abchukuk.com\/index.php\/2025\/11\/05\/erdogana-bahcelinin-demirtas-aciklamasi-soruldu-yargi-ne-derse-ona-uyariz\/","title":{"rendered":"Erdo\u011fan&#8217;a Bah\u00e7eli&#8217;nin Demirta\u015f a\u00e7\u0131klamas\u0131 soruldu: &#8216;Yarg\u0131 ne derse ona uyar\u0131z&#8217;"},"content":{"rendered":"<p>Cumhurba\u015fkan\u0131 Erdo\u011fan Bah\u00e7eli&#8217;nin Demirta\u015f&#8217;\u0131n tahliyesine y\u00f6nelik a\u00e7\u0131klamas\u0131n\u0131 de\u011ferlendirdi ve &#8216;Yarg\u0131 ne derse ona uyar\u0131z&#8217; ifadelerini kulland\u0131. Bah\u00e7eli ile ne zaman g\u00f6r\u00fc\u015fece\u011fine dair ise &#8216;Her \u015fey olabilir&#8217; dedi.Cumhurba\u015fkan\u0131 Erdo\u011fan Bah\u00e7eli&#8217;nin Demirta\u015f&#8217;\u0131n tahliyesine y\u00f6nelik a\u00e7\u0131klamas\u0131n\u0131 de\u011ferlendirdi ve &#8216;Yarg\u0131 ne derse ona uyar\u0131z&#8217; ifadelerini kulland\u0131. Bah\u00e7eli ile ne zaman g\u00f6r\u00fc\u015fece\u011fine dair ise &#8216;Her \u015fey olabilir&#8217; dedi.\u00a0<a href=\"https:\/\/anlatilaninotesi.com.tr\/20251105\/erdogana-bahcelinin-demirtas-aciklamasi-soruldu-yargi-ne-derse-ona-uyariz-1100755768.html\" target=\"_blank\" class=\"feedzy-rss-link-icon\">Read More<\/a><\/p>","protected":false},"excerpt":{"rendered":"<p>Cumhurba\u015fkan\u0131 Erdo\u011fan Bah\u00e7eli&#8217;nin Demirta\u015f&#8217;\u0131n tahliyesine y\u00f6nelik a\u00e7\u0131klamas\u0131n\u0131 de\u011ferlendirdi ve &#8216;Yarg\u0131 ne derse ona uyar\u0131z&#8217; ifadelerini kulland\u0131. Bah\u00e7eli ile ne zaman g\u00f6r\u00fc\u015fece\u011fine dair ise &#8216;Her \u015fey olabilir&#8217; dedi.Cumhurba\u015fkan\u0131 Erdo\u011fan Bah\u00e7eli&#8217;nin Demirta\u015f&#8217;\u0131n tahliyesine y\u00f6nelik a\u00e7\u0131klamas\u0131n\u0131 de\u011ferlendirdi ve &#8216;Yarg\u0131 ne derse ona uyar\u0131z&#8217; ifadelerini kulland\u0131. Bah\u00e7eli ile ne zaman g\u00f6r\u00fc\u015fece\u011fine dair ise &#8216;Her \u015fey olabilir&#8217; dedi.\u00a0Read More<\/p>\n","protected":false},"author":1,"featured_media":0,"comment_status":"open","ping_status":"open","sticky":false,"template":"","format":"standard","meta":{"footnotes":"","_links_to":"","_links_to_target":""},"categories":[1],"tags":[],"class_list":["post-10222","post","type-post","status-publish","format-standard","hentry","category-haberler"],"_links":{"self":[{"href":"https:\/\/www.abchukuk.com\/index.php\/wp-json\/wp\/v2\/posts\/10222","targetHints":{"allow":["GET"]}}],"collection":[{"href":"https:\/\/www.abchukuk.com\/index.php\/wp-json\/wp\/v2\/posts"}],"about":[{"href":"https:\/\/www.abchukuk.com\/index.php\/wp-json\/wp\/v2\/types\/post"}],"author":[{"embeddable":true,"href":"https:\/\/www.abchukuk.com\/index.php\/wp-json\/wp\/v2\/users\/1"}],"replies":[{"embeddable":true,"href":"https:\/\/www.abchukuk.com\/index.php\/wp-json\/wp\/v2\/comments?post=10222"}],"version-history":[{"count":0,"href":"https:\/\/www.abchukuk.com\/index.php\/wp-json\/wp\/v2\/posts\/10222\/revisions"}],"wp:attachment":[{"href":"https:\/\/www.abchukuk.com\/index.php\/wp-json\/wp\/v2\/media?parent=10222"}],"wp:term":[{"taxonomy":"category","embeddable":true,"href":"https:\/\/www.abchukuk.com\/index.php\/wp-json\/wp\/v2\/categories?post=10222"},{"taxonomy":"post_tag","embeddable":true,"href":"https:\/\/www.abchukuk.com\/index.php\/wp-json\/wp\/v2\/tags?post=10222"}],"curies":[{"name":"wp","href":"https:\/\/api.w.org\/{rel}","templated":true}]}}