{"id":10221,"date":"2025-11-05T09:08:18","date_gmt":"2025-11-05T09:08:18","guid":{"rendered":"https:\/\/www.abchukuk.com\/index.php\/2025\/11\/05\/bakan-tunc-en-nitelikli-hukukculari-yetistirmek-icin-kalite-odakli-yeni-adimlar-atiyoruz\/"},"modified":"2025-11-05T09:08:18","modified_gmt":"2025-11-05T09:08:18","slug":"bakan-tunc-en-nitelikli-hukukculari-yetistirmek-icin-kalite-odakli-yeni-adimlar-atiyoruz","status":"publish","type":"post","link":"https:\/\/www.abchukuk.com\/index.php\/2025\/11\/05\/bakan-tunc-en-nitelikli-hukukculari-yetistirmek-icin-kalite-odakli-yeni-adimlar-atiyoruz\/","title":{"rendered":"Bakan Tun\u00e7: \u201cEn nitelikli hukuk\u00e7ular\u0131 yeti\u015ftirmek i\u00e7in kalite odakl\u0131 yeni ad\u0131mlar at\u0131yoruz\u201d"},"content":{"rendered":"<p>Adalet Bakan\u0131 Y\u0131lmaz Tun\u00e7, Ankara \u00dcniversitesi Hukuk Fak\u00fcltesinin kurulu\u015funun 100. y\u0131l d\u00f6n\u00fcm\u00fc dolay\u0131s\u0131yla d\u00fczenlenen programa kat\u0131ld\u0131.<\/p>\n<p>HUKUK FAK\u00dcLTES\u0130N\u0130N TAR\u0130H\u0130 M\u0130SYONUNA VURGU<br \/>\nAnkara \u00dcniversitesi Hukuk Fak\u00fcltesinin, 1925 y\u0131l\u0131nda Cumhuriyet\u2019in ilk hukuk fak\u00fcltesi olarak kuruldu\u011funu hat\u0131rlatan Bakan Tun\u00e7, \u201cCumhuriyetle ya\u015f\u0131t fak\u00fcltemiz, adalet te\u015fkilat\u0131m\u0131za \u00e7ok say\u0131da de\u011ferli hukuk\u00e7u kazand\u0131rd\u0131. Ankara Hukuk, T\u00fcrkiye\u2019de hukuk e\u011fitiminin temel ta\u015flar\u0131ndan biridir\u201d ifadelerini kulland\u0131. Tun\u00e7, fak\u00fcltenin akademisyenlerinin yasama s\u00fcre\u00e7lerinde ve yeni kanunlar\u0131n haz\u0131rlanmas\u0131nda \u00f6nemli katk\u0131lar sa\u011flad\u0131\u011f\u0131n\u0131 s\u00f6yledi.<\/p>\n<p>YARGI REFORMU VE E\u011e\u0130T\u0130MDE KAL\u0130TE<br \/>\nBakan Tun\u00e7, hukuk sisteminin s\u00fcrekli geli\u015fen toplumsal ihtiya\u00e7lara uyum sa\u011flamas\u0131 gerekti\u011fini belirterek, son y\u0131llarda yap\u0131lan yarg\u0131 reformlar\u0131na dikkat \u00e7ekti. Ceza, bor\u00e7lar ve ticaret kanunlar\u0131n\u0131n yenilendi\u011fini, yeni yarg\u0131 paketleriyle adalet sisteminin g\u00fc\u00e7lendirildi\u011fini vurgulad\u0131. Tun\u00e7, \u201cKanunlar de\u011fi\u015febilir ama adalet de\u011fi\u015fmez. Bizim amac\u0131m\u0131z adaletin en do\u011fru \u015fekilde tecelli etmesini sa\u011flamakt\u0131r\u201d dedi. Tun\u00e7, Cumhuriyetle ya\u015f\u0131t olan fak\u00fcltenin T\u00fcrk hukuk sisteminin geli\u015fiminde \u00f6nemli bir yere sahip oldu\u011funu belirterek, \u201cEn ba\u015far\u0131l\u0131 \u00f6\u011frencilerin hukuk fak\u00fcltelerine girmesi, kaliteli hukuk\u00e7ular\u0131n yeti\u015fmesi ve adalet sistemimizin g\u00fc\u00e7lenmesi i\u00e7in tarihi ad\u0131mlar at\u0131yoruz\u201d dedi.<\/p>\n<p>HUKUK E\u011e\u0130T\u0130M\u0130NDE YEN\u0130 D\u00dcZENLEMELER<br \/>\nTun\u00e7, hukuk fak\u00fcltelerine giri\u015fte ba\u015far\u0131 kriterlerinin art\u0131r\u0131ld\u0131\u011f\u0131n\u0131, kontenjanlar\u0131n azalt\u0131ld\u0131\u011f\u0131n\u0131 ve kalite odakl\u0131 bir s\u00fcrecin ba\u015flat\u0131ld\u0131\u011f\u0131n\u0131 belirtti. \u201cArt\u0131k devlet \u00fcniversitelerinde ilk 37 bin s\u0131ralamaya giren \u00f6\u011frenciler hukuk fak\u00fcltelerine yerle\u015febiliyor. Bu sayede en ba\u015far\u0131l\u0131 \u00f6\u011frenciler hukuk\u00e7u olacak\u201d diyen Tun\u00e7,<br \/>\n\u00d6n\u00fcm\u00fczdeki d\u00f6nemde hedefimiz ilk 100 bine giren \u00f6\u011frenciler hukuk fak\u00fcltelerine yerle\u015febilmesi. Buradaki amac\u0131m\u0131z, en ba\u015far\u0131l\u0131 \u00f6\u011frencilerin hukuk e\u011fitimi almas\u0131n\u0131 sa\u011flamak ve sadece kanunlar\u0131 ezberleyen de\u011fil, hukuk bilincine, adalet duygusuna ve vicdana sahip nitelikli hukuk\u00e7ular yeti\u015ftirmektir. \u00d6n\u00fcm\u00fczdeki d\u00f6nemde ise yaln\u0131zca ba\u015far\u0131 s\u0131ralamas\u0131nda ilk 100 bine giren \u00f6\u011frenciler hukuk fak\u00fcltelerine yerle\u015febilecek. Buradaki amac\u0131m\u0131z, en ba\u015far\u0131l\u0131 \u00f6\u011frencilerin hukuk e\u011fitimi almas\u0131n\u0131 sa\u011flamak ve sadece kanunlar\u0131 ezberleyen de\u011fil, hukuk bilincine, adalet duygusuna ve vicdana sahip nitelikli hukuk\u00e7ular yeti\u015ftirmektir\u201d ifadelerini kulland\u0131.<\/p>\n<p>YEN\u0130 H\u00c2K\u0130M VE SAVCI YARDIMCILI\u011eI S\u0130STEM\u0130<br \/>\nBakan Tun\u00e7, yeni h\u00e2kim ve savc\u0131 yard\u0131mc\u0131l\u0131\u011f\u0131 sistemine ili\u015fkin olarak da, \u201cArt\u0131k 3 y\u0131ll\u0131k bir e\u011fitim s\u00fcrecine sahip h\u00e2kim ve savc\u0131 yard\u0131mc\u0131lar\u0131, tecr\u00fcbeli meslekta\u015flar\u0131n\u0131n yan\u0131nda yeti\u015ferek k\u00fcrs\u00fcye daha donan\u0131ml\u0131 \u00e7\u0131kacak. Bu, yarg\u0131 hizmetlerinin kalitesini ve vatanda\u015f memnuniyetini art\u0131racak\u201d diye konu\u015ftu.<\/p>\n<p>GELECE\u011e\u0130N HUKUK\u00c7ULARINA MESAJ<br \/>\nTun\u00e7, konu\u015fmas\u0131n\u0131n sonunda gen\u00e7 hukuk\u00e7ulara seslenerek, \u201cT\u00fcrkiye Cumhuriyeti\u2019nin ikinci y\u00fczy\u0131l\u0131n\u0131 adaletle in\u015fa edece\u011fiz. Hukuk fak\u00fcltelerimiz bu s\u00fcre\u00e7te en \u00f6nemli rol\u00fc \u00fcstlenecek. Hakkaniyetten ayr\u0131lmadan, vicdan ve adalet duygusuyla g\u00f6rev yapacak hukuk\u00e7ular\u0131m\u0131za g\u00fcveniyoruz\u201d ifadelerini kulland\u0131.<\/p>\n<p>Bakan Tun\u00e7, Ankara \u00dcniversitesi Hukuk Fak\u00fcltesinin 100. y\u0131l\u0131na eme\u011fi ge\u00e7en akademisyenlere te\u015fekk\u00fcr ederek, \u201cGazi Mustafa Kemal Atat\u00fcrk\u2019\u00fcn \u00f6nc\u00fcl\u00fc\u011f\u00fcnde kurulan bu fak\u00fclte, Cumhuriyetimizin adalet vizyonunu ta\u015f\u0131maya devam ediyor\u201d dedi.<\/p>\n<p>Adalet Bakan\u0131 Y\u0131lmaz Tun\u00e7, Ankara \u00dcniversitesi Hukuk Fak\u00fcltesinin kurulu\u015funun 100. y\u0131l d\u00f6n\u00fcm\u00fc t\u00f6renine kat\u0131ld\u0131. Tun\u00e7, Cumhuriyetle ya\u015f\u0131t fak\u00fcltenin T\u00fcrk hukuk sistemine \u00f6nemli katk\u0131lar sundu\u011funu belirterek, \u201cEn ba\u015far\u0131l\u0131 \u00f6\u011frencilerin hukuk fak\u00fcltelerine girmesi ve kaliteli hukuk\u00e7ular\u0131n yeti\u015fmesi i\u00e7in tarihi ad\u0131mlar at\u0131yoruz\u201d dedi. Hukuk fak\u00fcltelerinde kontenjanlar\u0131n azalt\u0131ld\u0131\u011f\u0131n\u0131, ba\u015far\u0131 s\u0131ralamas\u0131 kriterinin y\u00fckseltildi\u011fini ve hukuk mesleklerine giri\u015f s\u0131nav\u0131n\u0131n kaliteyi art\u0131raca\u011f\u0131n\u0131 vurgulad\u0131. Tun\u00e7 ayr\u0131ca, yeni h\u00e2kim ve savc\u0131 yard\u0131mc\u0131l\u0131\u011f\u0131 sistemiyle yarg\u0131 hizmetlerinin daha etkin hale gelece\u011fini s\u00f6yledi.\u00a0<a href=\"https:\/\/www.son.tv\/bakan-tunc-en-nitelikli-hukukculari-yetistirmek-icin-kalite-odakli-yeni-adimlar-atiyoruz\/\" target=\"_blank\" class=\"feedzy-rss-link-icon\">Read More<\/a><\/p>","protected":false},"excerpt":{"rendered":"<p>Adalet Bakan\u0131 Y\u0131lmaz Tun\u00e7, Ankara \u00dcniversitesi Hukuk Fak\u00fcltesinin kurulu\u015funun 100. y\u0131l d\u00f6n\u00fcm\u00fc dolay\u0131s\u0131yla d\u00fczenlenen programa kat\u0131ld\u0131. HUKUK FAK\u00dcLTES\u0130N\u0130N TAR\u0130H\u0130 M\u0130SYONUNA VURGU Ankara \u00dcniversitesi Hukuk Fak\u00fcltesinin, 1925 y\u0131l\u0131nda Cumhuriyet\u2019in ilk hukuk fak\u00fcltesi olarak kuruldu\u011funu hat\u0131rlatan Bakan Tun\u00e7, \u201cCumhuriyetle ya\u015f\u0131t fak\u00fcltemiz, adalet te\u015fkilat\u0131m\u0131za \u00e7ok say\u0131da de\u011ferli hukuk\u00e7u kazand\u0131rd\u0131. Ankara Hukuk, T\u00fcrkiye\u2019de hukuk e\u011fitiminin temel ta\u015flar\u0131ndan biridir\u201d ifadelerini [&hellip;]<\/p>\n","protected":false},"author":1,"featured_media":0,"comment_status":"open","ping_status":"open","sticky":false,"template":"","format":"standard","meta":{"footnotes":"","_links_to":"","_links_to_target":""},"categories":[1],"tags":[],"class_list":["post-10221","post","type-post","status-publish","format-standard","hentry","category-haberler"],"_links":{"self":[{"href":"https:\/\/www.abchukuk.com\/index.php\/wp-json\/wp\/v2\/posts\/10221","targetHints":{"allow":["GET"]}}],"collection":[{"href":"https:\/\/www.abchukuk.com\/index.php\/wp-json\/wp\/v2\/posts"}],"about":[{"href":"https:\/\/www.abchukuk.com\/index.php\/wp-json\/wp\/v2\/types\/post"}],"author":[{"embeddable":true,"href":"https:\/\/www.abchukuk.com\/index.php\/wp-json\/wp\/v2\/users\/1"}],"replies":[{"embeddable":true,"href":"https:\/\/www.abchukuk.com\/index.php\/wp-json\/wp\/v2\/comments?post=10221"}],"version-history":[{"count":0,"href":"https:\/\/www.abchukuk.com\/index.php\/wp-json\/wp\/v2\/posts\/10221\/revisions"}],"wp:attachment":[{"href":"https:\/\/www.abchukuk.com\/index.php\/wp-json\/wp\/v2\/media?parent=10221"}],"wp:term":[{"taxonomy":"category","embeddable":true,"href":"https:\/\/www.abchukuk.com\/index.php\/wp-json\/wp\/v2\/categories?post=10221"},{"taxonomy":"post_tag","embeddable":true,"href":"https:\/\/www.abchukuk.com\/index.php\/wp-json\/wp\/v2\/tags?post=10221"}],"curies":[{"name":"wp","href":"https:\/\/api.w.org\/{rel}","templated":true}]}}