{"id":10217,"date":"2025-11-05T09:16:00","date_gmt":"2025-11-05T09:16:00","guid":{"rendered":"https:\/\/www.abchukuk.com\/index.php\/2025\/11\/05\/adalet-bakani-yilmaz-tunctan-selahattin-demirtas-aciklamasi\/"},"modified":"2025-11-05T09:16:00","modified_gmt":"2025-11-05T09:16:00","slug":"adalet-bakani-yilmaz-tunctan-selahattin-demirtas-aciklamasi","status":"publish","type":"post","link":"https:\/\/www.abchukuk.com\/index.php\/2025\/11\/05\/adalet-bakani-yilmaz-tunctan-selahattin-demirtas-aciklamasi\/","title":{"rendered":"Adalet Bakan\u0131 Y\u0131lmaz Tun\u00e7&#8217;tan Selahattin Demirta\u015f A\u00e7\u0131klamas\u0131"},"content":{"rendered":"<p><a href=\"https:\/\/www.gercekgundem.com\/guncel\/adalet-bakani-yilmaz-tunctan-selahattin-demirtas-aciklamasi-561497\"><br \/>\n                                                            <img decoding=\"async\" src=\"https:\/\/i.gercekgundem.com\/2\/150\/84\/storage\/files\/images\/2025\/11\/05\/adalet-bakani-yilmaz-tunctan-selahattin-demirtas-aciklamasi-w3sp.jpg\" width=\"150\" height=\"84\" border=\"0\" align=\"right\" \/><br \/>\n                                                    <\/a><\/p>\n<h4>A\u0130HM&#8217;in Selahattin Demirta\u015f\u2019\u0131n tutuklu\u011fu hakk\u0131ndaki ikinci ihlal ve tahliye karar\u0131na itiraz eden Adalet Bakanl\u0131\u011f\u0131&#8217;n\u0131n talebini reddetmesi ve MHP lideri Bah\u00e7eli&#8217;nin &#8216;Tahliyesi hay\u0131rlara vesile olacakt\u0131r&#8217; s\u00f6zlerinin ard\u0131ndan Adalet Bakan\u0131 Y\u0131lmaz Tun\u00e7&#8217;tan kritik a\u00e7\u0131klama geldi.<\/h4>\n<p>A\u0130HM&#8217;in Selahattin Demirta\u015f\u2019\u0131n tutuklu\u011fu hakk\u0131ndaki ikinci ihlal ve tahliye karar\u0131na itiraz eden Adalet Bakanl\u0131\u011f\u0131&#8217;n\u0131n talebini reddetmesi ve MHP lideri Bah\u00e7eli&#8217;nin &#8216;Tahliyesi hay\u0131rlara vesile olacakt\u0131r&#8217; s\u00f6zlerinin ard\u0131ndan Adalet Bakan\u0131 Y\u0131lmaz Tun\u00e7&#8217;tan kritik a\u00e7\u0131klama geldi.\u00a0<a href=\"https:\/\/www.gercekgundem.com\/guncel\/adalet-bakani-yilmaz-tunctan-selahattin-demirtas-aciklamasi-561497\" target=\"_blank\" class=\"feedzy-rss-link-icon\">Read More<\/a><\/p>","protected":false},"excerpt":{"rendered":"<p>A\u0130HM&#8217;in Selahattin Demirta\u015f\u2019\u0131n tutuklu\u011fu hakk\u0131ndaki ikinci ihlal ve tahliye karar\u0131na itiraz eden Adalet Bakanl\u0131\u011f\u0131&#8217;n\u0131n talebini reddetmesi ve MHP lideri Bah\u00e7eli&#8217;nin &#8216;Tahliyesi hay\u0131rlara vesile olacakt\u0131r&#8217; s\u00f6zlerinin ard\u0131ndan Adalet Bakan\u0131 Y\u0131lmaz Tun\u00e7&#8217;tan kritik a\u00e7\u0131klama geldi. A\u0130HM&#8217;in Selahattin Demirta\u015f\u2019\u0131n tutuklu\u011fu hakk\u0131ndaki ikinci ihlal ve tahliye karar\u0131na itiraz eden Adalet Bakanl\u0131\u011f\u0131&#8217;n\u0131n talebini reddetmesi ve MHP lideri Bah\u00e7eli&#8217;nin &#8216;Tahliyesi hay\u0131rlara [&hellip;]<\/p>\n","protected":false},"author":1,"featured_media":10218,"comment_status":"open","ping_status":"open","sticky":false,"template":"","format":"standard","meta":{"footnotes":"","_links_to":"","_links_to_target":""},"categories":[1],"tags":[],"class_list":["post-10217","post","type-post","status-publish","format-standard","has-post-thumbnail","hentry","category-haberler"],"_links":{"self":[{"href":"https:\/\/www.abchukuk.com\/index.php\/wp-json\/wp\/v2\/posts\/10217","targetHints":{"allow":["GET"]}}],"collection":[{"href":"https:\/\/www.abchukuk.com\/index.php\/wp-json\/wp\/v2\/posts"}],"about":[{"href":"https:\/\/www.abchukuk.com\/index.php\/wp-json\/wp\/v2\/types\/post"}],"author":[{"embeddable":true,"href":"https:\/\/www.abchukuk.com\/index.php\/wp-json\/wp\/v2\/users\/1"}],"replies":[{"embeddable":true,"href":"https:\/\/www.abchukuk.com\/index.php\/wp-json\/wp\/v2\/comments?post=10217"}],"version-history":[{"count":0,"href":"https:\/\/www.abchukuk.com\/index.php\/wp-json\/wp\/v2\/posts\/10217\/revisions"}],"wp:featuredmedia":[{"embeddable":true,"href":"https:\/\/www.abchukuk.com\/index.php\/wp-json\/wp\/v2\/media\/10218"}],"wp:attachment":[{"href":"https:\/\/www.abchukuk.com\/index.php\/wp-json\/wp\/v2\/media?parent=10217"}],"wp:term":[{"taxonomy":"category","embeddable":true,"href":"https:\/\/www.abchukuk.com\/index.php\/wp-json\/wp\/v2\/categories?post=10217"},{"taxonomy":"post_tag","embeddable":true,"href":"https:\/\/www.abchukuk.com\/index.php\/wp-json\/wp\/v2\/tags?post=10217"}],"curies":[{"name":"wp","href":"https:\/\/api.w.org\/{rel}","templated":true}]}}