{"id":10215,"date":"2025-11-05T09:17:00","date_gmt":"2025-11-05T09:17:00","guid":{"rendered":"https:\/\/www.abchukuk.com\/index.php\/2025\/11\/05\/diyarbakirda-baba-ile-oglunun-oldugu-kavgaya-iliskin-6-gozalti\/"},"modified":"2025-11-05T09:17:00","modified_gmt":"2025-11-05T09:17:00","slug":"diyarbakirda-baba-ile-oglunun-oldugu-kavgaya-iliskin-6-gozalti","status":"publish","type":"post","link":"https:\/\/www.abchukuk.com\/index.php\/2025\/11\/05\/diyarbakirda-baba-ile-oglunun-oldugu-kavgaya-iliskin-6-gozalti\/","title":{"rendered":"Diyarbak\u0131r&#8217;da baba ile o\u011flunun \u00f6ld\u00fc\u011f\u00fc kavgaya ili\u015fkin 6 g\u00f6zalt\u0131"},"content":{"rendered":"<p>Diyarbak\u0131r&#8217;da kasap d\u00fckkan\u0131nda iki grup aras\u0131nda \u00e7\u0131kan, Z\u00fclf\u00fc Co\u015fan ile o\u011flu Ensari Co\u015fan&#8217;\u0131n hayat\u0131n\u0131 kaybetti\u011fi, 2 ki\u015finin de yaraland\u0131\u011f\u0131 silahl\u0131 kavgaya ili\u015fkin 6 ki\u015fi g\u00f6zalt\u0131na al\u0131nd\u0131.Diyarbak\u0131r&#8217;da kasap d\u00fckkan\u0131nda iki grup aras\u0131nda \u00e7\u0131kan, Z\u00fclf\u00fc Co\u015fan ile o\u011flu Ensari Co\u015fan&#8217;\u0131n hayat\u0131n\u0131 kaybetti\u011fi, 2 ki\u015finin de yaraland\u0131\u011f\u0131 silahl\u0131 kavgaya ili\u015fkin 6 ki\u015fi g\u00f6zalt\u0131na al\u0131nd\u0131.\u00a0<a href=\"https:\/\/www.cumhuriyet.com.tr\/turkiye\/diyarbakir-da-baba-ile-oglunun-oldugu-kavgaya-iliskin-6-gozalti-2450000\" target=\"_blank\" class=\"feedzy-rss-link-icon\">Read More<\/a><\/p>","protected":false},"excerpt":{"rendered":"<p>Diyarbak\u0131r&#8217;da kasap d\u00fckkan\u0131nda iki grup aras\u0131nda \u00e7\u0131kan, Z\u00fclf\u00fc Co\u015fan ile o\u011flu Ensari Co\u015fan&#8217;\u0131n hayat\u0131n\u0131 kaybetti\u011fi, 2 ki\u015finin de yaraland\u0131\u011f\u0131 silahl\u0131 kavgaya ili\u015fkin 6 ki\u015fi g\u00f6zalt\u0131na al\u0131nd\u0131.Diyarbak\u0131r&#8217;da kasap d\u00fckkan\u0131nda iki grup aras\u0131nda \u00e7\u0131kan, Z\u00fclf\u00fc Co\u015fan ile o\u011flu Ensari Co\u015fan&#8217;\u0131n hayat\u0131n\u0131 kaybetti\u011fi, 2 ki\u015finin de yaraland\u0131\u011f\u0131 silahl\u0131 kavgaya ili\u015fkin 6 ki\u015fi g\u00f6zalt\u0131na al\u0131nd\u0131.\u00a0Read More<\/p>\n","protected":false},"author":1,"featured_media":10216,"comment_status":"open","ping_status":"open","sticky":false,"template":"","format":"standard","meta":{"footnotes":"","_links_to":"","_links_to_target":""},"categories":[1],"tags":[],"class_list":["post-10215","post","type-post","status-publish","format-standard","has-post-thumbnail","hentry","category-haberler"],"_links":{"self":[{"href":"https:\/\/www.abchukuk.com\/index.php\/wp-json\/wp\/v2\/posts\/10215","targetHints":{"allow":["GET"]}}],"collection":[{"href":"https:\/\/www.abchukuk.com\/index.php\/wp-json\/wp\/v2\/posts"}],"about":[{"href":"https:\/\/www.abchukuk.com\/index.php\/wp-json\/wp\/v2\/types\/post"}],"author":[{"embeddable":true,"href":"https:\/\/www.abchukuk.com\/index.php\/wp-json\/wp\/v2\/users\/1"}],"replies":[{"embeddable":true,"href":"https:\/\/www.abchukuk.com\/index.php\/wp-json\/wp\/v2\/comments?post=10215"}],"version-history":[{"count":0,"href":"https:\/\/www.abchukuk.com\/index.php\/wp-json\/wp\/v2\/posts\/10215\/revisions"}],"wp:featuredmedia":[{"embeddable":true,"href":"https:\/\/www.abchukuk.com\/index.php\/wp-json\/wp\/v2\/media\/10216"}],"wp:attachment":[{"href":"https:\/\/www.abchukuk.com\/index.php\/wp-json\/wp\/v2\/media?parent=10215"}],"wp:term":[{"taxonomy":"category","embeddable":true,"href":"https:\/\/www.abchukuk.com\/index.php\/wp-json\/wp\/v2\/categories?post=10215"},{"taxonomy":"post_tag","embeddable":true,"href":"https:\/\/www.abchukuk.com\/index.php\/wp-json\/wp\/v2\/tags?post=10215"}],"curies":[{"name":"wp","href":"https:\/\/api.w.org\/{rel}","templated":true}]}}