{"id":10211,"date":"2025-11-05T08:37:00","date_gmt":"2025-11-05T08:37:00","guid":{"rendered":"https:\/\/www.abchukuk.com\/index.php\/2025\/11\/05\/ibb-yolsuzluk-sorusturmasi-genisliyor-ekrem-imamoglunun-babasi-ve-oglu-ifade-verdi\/"},"modified":"2025-11-05T08:37:00","modified_gmt":"2025-11-05T08:37:00","slug":"ibb-yolsuzluk-sorusturmasi-genisliyor-ekrem-imamoglunun-babasi-ve-oglu-ifade-verdi","status":"publish","type":"post","link":"https:\/\/www.abchukuk.com\/index.php\/2025\/11\/05\/ibb-yolsuzluk-sorusturmasi-genisliyor-ekrem-imamoglunun-babasi-ve-oglu-ifade-verdi\/","title":{"rendered":"\u0130BB &#8216;Yolsuzluk&#8217; Soru\u015fturmas\u0131 Geni\u015fliyor! Ekrem \u0130mamo\u011flu\u2019nun Babas\u0131 ve O\u011flu \u0130fade Verdi"},"content":{"rendered":"<p><a href=\"https:\/\/www.gercekgundem.com\/guncel\/ekrem-imamoglunun-babasi-hasan-imamoglu-ve-oglu-selim-imamoglu-emniyette-yolsuzluk-sorusturmasinda-yeni-gelisme-561491\"><br \/>\n                                                            <img decoding=\"async\" src=\"https:\/\/i.gercekgundem.com\/2\/150\/84\/storage\/files\/images\/2025\/11\/05\/ekrem-imamoglunun-babasi-hasan-imamoglu-ve-oglu-selim-imamoglu-emniyette-yolsuzluk-sorusturmasinda-yeni-gelisme-smyr.jpg\" width=\"150\" height=\"84\" border=\"0\" align=\"right\" \/><br \/>\n                                                    <\/a><\/p>\n<h4>\u0130stanbul B\u00fcy\u00fck\u015fehir Belediyesi\u2019ne y\u00f6nelik yolsuzluk soru\u015fturmas\u0131nda yeni bir geli\u015fme ya\u015fand\u0131. Tutuklanan Ekrem \u0130mamo\u011flu\u2019nun babas\u0131 Hasan \u0130mamo\u011flu ile o\u011flu Selim \u0130mamo\u011flu, \u2018r\u00fc\u015fvet\u2019 ve \u2018su\u00e7tan kaynaklanan malvarl\u0131\u011f\u0131 de\u011ferlerini aklama\u2019 su\u00e7lamalar\u0131yla ifade verdi.<\/h4>\n<p>\u0130stanbul B\u00fcy\u00fck\u015fehir Belediyesi\u2019ne y\u00f6nelik yolsuzluk soru\u015fturmas\u0131nda yeni bir geli\u015fme ya\u015fand\u0131. Tutuklanan Ekrem \u0130mamo\u011flu\u2019nun babas\u0131 Hasan \u0130mamo\u011flu ile o\u011flu Selim \u0130mamo\u011flu, \u2018r\u00fc\u015fvet\u2019 ve \u2018su\u00e7tan kaynaklanan malvarl\u0131\u011f\u0131 de\u011ferlerini aklama\u2019 su\u00e7lamalar\u0131yla ifade verdi.\u00a0<a href=\"https:\/\/www.gercekgundem.com\/guncel\/ekrem-imamoglunun-babasi-hasan-imamoglu-ve-oglu-selim-imamoglu-emniyette-yolsuzluk-sorusturmasinda-yeni-gelisme-561491\" target=\"_blank\" class=\"feedzy-rss-link-icon\">Read More<\/a><\/p>","protected":false},"excerpt":{"rendered":"<p>\u0130stanbul B\u00fcy\u00fck\u015fehir Belediyesi\u2019ne y\u00f6nelik yolsuzluk soru\u015fturmas\u0131nda yeni bir geli\u015fme ya\u015fand\u0131. Tutuklanan Ekrem \u0130mamo\u011flu\u2019nun babas\u0131 Hasan \u0130mamo\u011flu ile o\u011flu Selim \u0130mamo\u011flu, \u2018r\u00fc\u015fvet\u2019 ve \u2018su\u00e7tan kaynaklanan malvarl\u0131\u011f\u0131 de\u011ferlerini aklama\u2019 su\u00e7lamalar\u0131yla ifade verdi. \u0130stanbul B\u00fcy\u00fck\u015fehir Belediyesi\u2019ne y\u00f6nelik yolsuzluk soru\u015fturmas\u0131nda yeni bir geli\u015fme ya\u015fand\u0131. Tutuklanan Ekrem \u0130mamo\u011flu\u2019nun babas\u0131 Hasan \u0130mamo\u011flu ile o\u011flu Selim \u0130mamo\u011flu, \u2018r\u00fc\u015fvet\u2019 ve \u2018su\u00e7tan kaynaklanan malvarl\u0131\u011f\u0131 [&hellip;]<\/p>\n","protected":false},"author":1,"featured_media":10212,"comment_status":"open","ping_status":"open","sticky":false,"template":"","format":"standard","meta":{"footnotes":"","_links_to":"","_links_to_target":""},"categories":[1],"tags":[],"class_list":["post-10211","post","type-post","status-publish","format-standard","has-post-thumbnail","hentry","category-haberler"],"_links":{"self":[{"href":"https:\/\/www.abchukuk.com\/index.php\/wp-json\/wp\/v2\/posts\/10211","targetHints":{"allow":["GET"]}}],"collection":[{"href":"https:\/\/www.abchukuk.com\/index.php\/wp-json\/wp\/v2\/posts"}],"about":[{"href":"https:\/\/www.abchukuk.com\/index.php\/wp-json\/wp\/v2\/types\/post"}],"author":[{"embeddable":true,"href":"https:\/\/www.abchukuk.com\/index.php\/wp-json\/wp\/v2\/users\/1"}],"replies":[{"embeddable":true,"href":"https:\/\/www.abchukuk.com\/index.php\/wp-json\/wp\/v2\/comments?post=10211"}],"version-history":[{"count":0,"href":"https:\/\/www.abchukuk.com\/index.php\/wp-json\/wp\/v2\/posts\/10211\/revisions"}],"wp:featuredmedia":[{"embeddable":true,"href":"https:\/\/www.abchukuk.com\/index.php\/wp-json\/wp\/v2\/media\/10212"}],"wp:attachment":[{"href":"https:\/\/www.abchukuk.com\/index.php\/wp-json\/wp\/v2\/media?parent=10211"}],"wp:term":[{"taxonomy":"category","embeddable":true,"href":"https:\/\/www.abchukuk.com\/index.php\/wp-json\/wp\/v2\/categories?post=10211"},{"taxonomy":"post_tag","embeddable":true,"href":"https:\/\/www.abchukuk.com\/index.php\/wp-json\/wp\/v2\/tags?post=10211"}],"curies":[{"name":"wp","href":"https:\/\/api.w.org\/{rel}","templated":true}]}}