{"id":10209,"date":"2025-11-05T08:48:00","date_gmt":"2025-11-05T08:48:00","guid":{"rendered":"https:\/\/www.abchukuk.com\/index.php\/2025\/11\/05\/bulent-arinctan-surpriz-adim-demirtas-ve-kavalayi-cezaevinde-ziyaret-edecegim\/"},"modified":"2025-11-05T08:48:00","modified_gmt":"2025-11-05T08:48:00","slug":"bulent-arinctan-surpriz-adim-demirtas-ve-kavalayi-cezaevinde-ziyaret-edecegim","status":"publish","type":"post","link":"https:\/\/www.abchukuk.com\/index.php\/2025\/11\/05\/bulent-arinctan-surpriz-adim-demirtas-ve-kavalayi-cezaevinde-ziyaret-edecegim\/","title":{"rendered":"B\u00fclent Ar\u0131n\u00e7\u2019tan S\u00fcrpriz Ad\u0131m: \u2018Demirta\u015f ve Kavala\u2019y\u0131 Cezaevinde Ziyaret Edece\u011fim\u2019"},"content":{"rendered":"<p><a href=\"https:\/\/www.gercekgundem.com\/guncel\/bulent-arinctan-surpriz-adim-demirtas-ve-kavalayi-cezaevinde-ziyaret-edecegim-561493\"><br \/>\n                                                            <img decoding=\"async\" src=\"https:\/\/i.gercekgundem.com\/2\/150\/84\/storage\/files\/images\/2025\/11\/05\/bulent-arinctan-surpriz-adim-demirtas-ve-kavalayi-cezaevinde-ziyaret-edecegim-rdxw.jpg\" width=\"150\" height=\"84\" border=\"0\" align=\"right\" \/><br \/>\n                                                    <\/a><\/p>\n<h4>Eski TBMM Ba\u015fkan\u0131 B\u00fclent Ar\u0131n\u00e7, Selahattin Demirta\u015f ve Osman Kavala\u2019y\u0131 cezaevinde ziyaret edece\u011fini a\u00e7\u0131klad\u0131. Ar\u0131n\u00e7, ziyaretin siyasi de\u011fil, \u201cinsani ve vicdani bir duru\u015f\u201d oldu\u011funu belirterek \u201cDilerim ki o g\u00fcne kadar adalet tecelli eder\u201d ifadelerini kulland\u0131.<\/h4>\n<p>Eski TBMM Ba\u015fkan\u0131 B\u00fclent Ar\u0131n\u00e7, Selahattin Demirta\u015f ve Osman Kavala\u2019y\u0131 cezaevinde ziyaret edece\u011fini a\u00e7\u0131klad\u0131. Ar\u0131n\u00e7, ziyaretin siyasi de\u011fil, \u201cinsani ve vicdani bir duru\u015f\u201d oldu\u011funu belirterek \u201cDilerim ki o g\u00fcne kadar adalet tecelli eder\u201d ifadelerini kulland\u0131.\u00a0<a href=\"https:\/\/www.gercekgundem.com\/guncel\/bulent-arinctan-surpriz-adim-demirtas-ve-kavalayi-cezaevinde-ziyaret-edecegim-561493\" target=\"_blank\" class=\"feedzy-rss-link-icon\">Read More<\/a><\/p>","protected":false},"excerpt":{"rendered":"<p>Eski TBMM Ba\u015fkan\u0131 B\u00fclent Ar\u0131n\u00e7, Selahattin Demirta\u015f ve Osman Kavala\u2019y\u0131 cezaevinde ziyaret edece\u011fini a\u00e7\u0131klad\u0131. Ar\u0131n\u00e7, ziyaretin siyasi de\u011fil, \u201cinsani ve vicdani bir duru\u015f\u201d oldu\u011funu belirterek \u201cDilerim ki o g\u00fcne kadar adalet tecelli eder\u201d ifadelerini kulland\u0131. Eski TBMM Ba\u015fkan\u0131 B\u00fclent Ar\u0131n\u00e7, Selahattin Demirta\u015f ve Osman Kavala\u2019y\u0131 cezaevinde ziyaret edece\u011fini a\u00e7\u0131klad\u0131. Ar\u0131n\u00e7, ziyaretin siyasi de\u011fil, \u201cinsani ve [&hellip;]<\/p>\n","protected":false},"author":1,"featured_media":10210,"comment_status":"open","ping_status":"open","sticky":false,"template":"","format":"standard","meta":{"footnotes":"","_links_to":"","_links_to_target":""},"categories":[1],"tags":[],"class_list":["post-10209","post","type-post","status-publish","format-standard","has-post-thumbnail","hentry","category-haberler"],"_links":{"self":[{"href":"https:\/\/www.abchukuk.com\/index.php\/wp-json\/wp\/v2\/posts\/10209","targetHints":{"allow":["GET"]}}],"collection":[{"href":"https:\/\/www.abchukuk.com\/index.php\/wp-json\/wp\/v2\/posts"}],"about":[{"href":"https:\/\/www.abchukuk.com\/index.php\/wp-json\/wp\/v2\/types\/post"}],"author":[{"embeddable":true,"href":"https:\/\/www.abchukuk.com\/index.php\/wp-json\/wp\/v2\/users\/1"}],"replies":[{"embeddable":true,"href":"https:\/\/www.abchukuk.com\/index.php\/wp-json\/wp\/v2\/comments?post=10209"}],"version-history":[{"count":0,"href":"https:\/\/www.abchukuk.com\/index.php\/wp-json\/wp\/v2\/posts\/10209\/revisions"}],"wp:featuredmedia":[{"embeddable":true,"href":"https:\/\/www.abchukuk.com\/index.php\/wp-json\/wp\/v2\/media\/10210"}],"wp:attachment":[{"href":"https:\/\/www.abchukuk.com\/index.php\/wp-json\/wp\/v2\/media?parent=10209"}],"wp:term":[{"taxonomy":"category","embeddable":true,"href":"https:\/\/www.abchukuk.com\/index.php\/wp-json\/wp\/v2\/categories?post=10209"},{"taxonomy":"post_tag","embeddable":true,"href":"https:\/\/www.abchukuk.com\/index.php\/wp-json\/wp\/v2\/tags?post=10209"}],"curies":[{"name":"wp","href":"https:\/\/api.w.org\/{rel}","templated":true}]}}