{"id":10193,"date":"2025-11-05T06:57:00","date_gmt":"2025-11-05T06:57:00","guid":{"rendered":"https:\/\/www.abchukuk.com\/index.php\/2025\/11\/05\/dem-parti-selahattin-demirtas-ve-figen-yuksekdagi-ziyaret-edecek-cezaevi-onunde-aciklama-yapilacak\/"},"modified":"2025-11-05T06:57:00","modified_gmt":"2025-11-05T06:57:00","slug":"dem-parti-selahattin-demirtas-ve-figen-yuksekdagi-ziyaret-edecek-cezaevi-onunde-aciklama-yapilacak","status":"publish","type":"post","link":"https:\/\/www.abchukuk.com\/index.php\/2025\/11\/05\/dem-parti-selahattin-demirtas-ve-figen-yuksekdagi-ziyaret-edecek-cezaevi-onunde-aciklama-yapilacak\/","title":{"rendered":"DEM Parti, Selahattin Demirta\u015f ve Figen Y\u00fcksekda\u011f&#8217;\u0131 ziyaret edecek: Cezaevi \u00f6n\u00fcnde a\u00e7\u0131klama yap\u0131lacak"},"content":{"rendered":"<p>DEM Parti heyeti, eski HDP E\u015f Genel Ba\u015fkanlar\u0131 Selahattin Demirta\u015f ve Figen Y\u00fcksekda\u011f\u2019\u0131 bug\u00fcn cezaevlerinde ziyaret edecek. Ziyaretlerin ard\u0131ndan cezaevi \u00f6n\u00fcnde bas\u0131n a\u00e7\u0131klamalar\u0131 yap\u0131lacak.DEM Parti heyeti, eski HDP E\u015f Genel Ba\u015fkanlar\u0131 Selahattin Demirta\u015f ve Figen Y\u00fcksekda\u011f\u2019\u0131 bug\u00fcn cezaevlerinde ziyaret edecek. Ziyaretlerin ard\u0131ndan cezaevi \u00f6n\u00fcnde bas\u0131n a\u00e7\u0131klamalar\u0131 yap\u0131lacak.\u00a0<a href=\"https:\/\/www.cumhuriyet.com.tr\/siyaset\/dem-parti-selahattin-demirtas-ve-figen-yuksekdag-i-ziyaret-edecek-cezaevi-onunde-aciklama-yapilacak-2449941\" target=\"_blank\" class=\"feedzy-rss-link-icon\">Read More<\/a><\/p>","protected":false},"excerpt":{"rendered":"<p>DEM Parti heyeti, eski HDP E\u015f Genel Ba\u015fkanlar\u0131 Selahattin Demirta\u015f ve Figen Y\u00fcksekda\u011f\u2019\u0131 bug\u00fcn cezaevlerinde ziyaret edecek. Ziyaretlerin ard\u0131ndan cezaevi \u00f6n\u00fcnde bas\u0131n a\u00e7\u0131klamalar\u0131 yap\u0131lacak.DEM Parti heyeti, eski HDP E\u015f Genel Ba\u015fkanlar\u0131 Selahattin Demirta\u015f ve Figen Y\u00fcksekda\u011f\u2019\u0131 bug\u00fcn cezaevlerinde ziyaret edecek. Ziyaretlerin ard\u0131ndan cezaevi \u00f6n\u00fcnde bas\u0131n a\u00e7\u0131klamalar\u0131 yap\u0131lacak.\u00a0Read More<\/p>\n","protected":false},"author":1,"featured_media":10194,"comment_status":"open","ping_status":"open","sticky":false,"template":"","format":"standard","meta":{"footnotes":"","_links_to":"","_links_to_target":""},"categories":[1],"tags":[],"class_list":["post-10193","post","type-post","status-publish","format-standard","has-post-thumbnail","hentry","category-haberler"],"_links":{"self":[{"href":"https:\/\/www.abchukuk.com\/index.php\/wp-json\/wp\/v2\/posts\/10193","targetHints":{"allow":["GET"]}}],"collection":[{"href":"https:\/\/www.abchukuk.com\/index.php\/wp-json\/wp\/v2\/posts"}],"about":[{"href":"https:\/\/www.abchukuk.com\/index.php\/wp-json\/wp\/v2\/types\/post"}],"author":[{"embeddable":true,"href":"https:\/\/www.abchukuk.com\/index.php\/wp-json\/wp\/v2\/users\/1"}],"replies":[{"embeddable":true,"href":"https:\/\/www.abchukuk.com\/index.php\/wp-json\/wp\/v2\/comments?post=10193"}],"version-history":[{"count":0,"href":"https:\/\/www.abchukuk.com\/index.php\/wp-json\/wp\/v2\/posts\/10193\/revisions"}],"wp:featuredmedia":[{"embeddable":true,"href":"https:\/\/www.abchukuk.com\/index.php\/wp-json\/wp\/v2\/media\/10194"}],"wp:attachment":[{"href":"https:\/\/www.abchukuk.com\/index.php\/wp-json\/wp\/v2\/media?parent=10193"}],"wp:term":[{"taxonomy":"category","embeddable":true,"href":"https:\/\/www.abchukuk.com\/index.php\/wp-json\/wp\/v2\/categories?post=10193"},{"taxonomy":"post_tag","embeddable":true,"href":"https:\/\/www.abchukuk.com\/index.php\/wp-json\/wp\/v2\/tags?post=10193"}],"curies":[{"name":"wp","href":"https:\/\/api.w.org\/{rel}","templated":true}]}}