{"id":10189,"date":"2025-11-05T05:06:00","date_gmt":"2025-11-05T05:06:00","guid":{"rendered":"https:\/\/www.abchukuk.com\/index.php\/2025\/11\/05\/41-ilde-silah-kacakciligi-operasyonu-135-gozalti\/"},"modified":"2025-11-05T05:06:00","modified_gmt":"2025-11-05T05:06:00","slug":"41-ilde-silah-kacakciligi-operasyonu-135-gozalti","status":"publish","type":"post","link":"https:\/\/www.abchukuk.com\/index.php\/2025\/11\/05\/41-ilde-silah-kacakciligi-operasyonu-135-gozalti\/","title":{"rendered":"41 \u0130lde Silah Ka\u00e7ak\u00e7\u0131l\u0131\u011f\u0131 Operasyonu, 135 G\u00f6zalt\u0131"},"content":{"rendered":"<p><a href=\"https:\/\/www.gercekgundem.com\/guncel\/41-ilde-silah-kacakciligi-operasyonu-135-gozalti-561476\"><br \/>\n                                                            <img decoding=\"async\" src=\"https:\/\/i.gercekgundem.com\/2\/150\/84\/storage\/files\/images\/2025\/11\/05\/41-ilde-silah-kacakciligi-operasyonu-135-gozalti-wsbb.jpg\" width=\"150\" height=\"84\" border=\"0\" align=\"right\" \/><br \/>\n                                                    <\/a><\/p>\n<h4>\u0130\u00e7i\u015fleri Bakan\u0131 Ali Yerlikaya, Adana, Erzincan ve Van merkezli 41 ilde &#8216;Silah ve M\u00fchimmat Ka\u00e7ak\u00e7\u0131l\u0131\u011f\u0131na&#8217; y\u00f6nelik d\u00fcn e\u015f zamanl\u0131 olarak d\u00fczenlenen operasyonlarda;135 \u015f\u00fcphelinin yakaland\u0131\u011f\u0131n\u0131 duyurdu.<\/h4>\n<p>\u0130\u00e7i\u015fleri Bakan\u0131 Ali Yerlikaya, Adana, Erzincan ve Van merkezli 41 ilde &#8216;Silah ve M\u00fchimmat Ka\u00e7ak\u00e7\u0131l\u0131\u011f\u0131na&#8217; y\u00f6nelik d\u00fcn e\u015f zamanl\u0131 olarak d\u00fczenlenen operasyonlarda;135 \u015f\u00fcphelinin yakaland\u0131\u011f\u0131n\u0131 duyurdu.\u00a0<a href=\"https:\/\/www.gercekgundem.com\/guncel\/41-ilde-silah-kacakciligi-operasyonu-135-gozalti-561476\" target=\"_blank\" class=\"feedzy-rss-link-icon\">Read More<\/a><\/p>","protected":false},"excerpt":{"rendered":"<p>\u0130\u00e7i\u015fleri Bakan\u0131 Ali Yerlikaya, Adana, Erzincan ve Van merkezli 41 ilde &#8216;Silah ve M\u00fchimmat Ka\u00e7ak\u00e7\u0131l\u0131\u011f\u0131na&#8217; y\u00f6nelik d\u00fcn e\u015f zamanl\u0131 olarak d\u00fczenlenen operasyonlarda;135 \u015f\u00fcphelinin yakaland\u0131\u011f\u0131n\u0131 duyurdu. \u0130\u00e7i\u015fleri Bakan\u0131 Ali Yerlikaya, Adana, Erzincan ve Van merkezli 41 ilde &#8216;Silah ve M\u00fchimmat Ka\u00e7ak\u00e7\u0131l\u0131\u011f\u0131na&#8217; y\u00f6nelik d\u00fcn e\u015f zamanl\u0131 olarak d\u00fczenlenen operasyonlarda;135 \u015f\u00fcphelinin yakaland\u0131\u011f\u0131n\u0131 duyurdu.\u00a0Read More<\/p>\n","protected":false},"author":1,"featured_media":10190,"comment_status":"open","ping_status":"open","sticky":false,"template":"","format":"standard","meta":{"footnotes":"","_links_to":"","_links_to_target":""},"categories":[1],"tags":[],"class_list":["post-10189","post","type-post","status-publish","format-standard","has-post-thumbnail","hentry","category-haberler"],"_links":{"self":[{"href":"https:\/\/www.abchukuk.com\/index.php\/wp-json\/wp\/v2\/posts\/10189","targetHints":{"allow":["GET"]}}],"collection":[{"href":"https:\/\/www.abchukuk.com\/index.php\/wp-json\/wp\/v2\/posts"}],"about":[{"href":"https:\/\/www.abchukuk.com\/index.php\/wp-json\/wp\/v2\/types\/post"}],"author":[{"embeddable":true,"href":"https:\/\/www.abchukuk.com\/index.php\/wp-json\/wp\/v2\/users\/1"}],"replies":[{"embeddable":true,"href":"https:\/\/www.abchukuk.com\/index.php\/wp-json\/wp\/v2\/comments?post=10189"}],"version-history":[{"count":0,"href":"https:\/\/www.abchukuk.com\/index.php\/wp-json\/wp\/v2\/posts\/10189\/revisions"}],"wp:featuredmedia":[{"embeddable":true,"href":"https:\/\/www.abchukuk.com\/index.php\/wp-json\/wp\/v2\/media\/10190"}],"wp:attachment":[{"href":"https:\/\/www.abchukuk.com\/index.php\/wp-json\/wp\/v2\/media?parent=10189"}],"wp:term":[{"taxonomy":"category","embeddable":true,"href":"https:\/\/www.abchukuk.com\/index.php\/wp-json\/wp\/v2\/categories?post=10189"},{"taxonomy":"post_tag","embeddable":true,"href":"https:\/\/www.abchukuk.com\/index.php\/wp-json\/wp\/v2\/tags?post=10189"}],"curies":[{"name":"wp","href":"https:\/\/api.w.org\/{rel}","templated":true}]}}