{"id":10186,"date":"2025-11-05T01:00:00","date_gmt":"2025-11-05T01:00:00","guid":{"rendered":"https:\/\/www.abchukuk.com\/index.php\/2025\/11\/05\/iki-haftada-uc-kadin-cezaevinden-izinli-cikan-kisiler-tarafindan-olduruldu-katliamin-onu-aciliyor\/"},"modified":"2025-11-05T01:00:00","modified_gmt":"2025-11-05T01:00:00","slug":"iki-haftada-uc-kadin-cezaevinden-izinli-cikan-kisiler-tarafindan-olduruldu-katliamin-onu-aciliyor","status":"publish","type":"post","link":"https:\/\/www.abchukuk.com\/index.php\/2025\/11\/05\/iki-haftada-uc-kadin-cezaevinden-izinli-cikan-kisiler-tarafindan-olduruldu-katliamin-onu-aciliyor\/","title":{"rendered":"\u0130ki haftada \u00fc\u00e7 kad\u0131n cezaevinden izinli \u00e7\u0131kan ki\u015filer taraf\u0131ndan \u00f6ld\u00fcr\u00fcld\u00fc: \u2018Katliam\u0131n \u00f6n\u00fc a\u00e7\u0131l\u0131yor\u2019"},"content":{"rendered":"<p>\u0130ki haftada \u00fc\u00e7 kad\u0131n, cezaevinden izinli \u00e7\u0131kan erkekler taraf\u0131ndan katledildi. Faillerin daha \u00f6nce de \u015fiddet ge\u00e7mi\u015fi olmas\u0131na ra\u011fmen gerekli \u00f6nlemlerin al\u0131nmamas\u0131 tepki \u00e7ekti. Kad\u0131na y\u00f6nelik \u015fiddet su\u00e7lar\u0131n\u0131n a\u00e7\u0131k cezaevi ve izinli \u00e7\u0131k\u0131\u015f uygulamalar\u0131 d\u0131\u015f\u0131nda b\u0131rak\u0131lmas\u0131 \u00f6nerildi.\u0130ki haftada \u00fc\u00e7 kad\u0131n, cezaevinden izinli \u00e7\u0131kan erkekler taraf\u0131ndan katledildi. Faillerin daha \u00f6nce de \u015fiddet ge\u00e7mi\u015fi olmas\u0131na ra\u011fmen gerekli \u00f6nlemlerin al\u0131nmamas\u0131 tepki \u00e7ekti. Kad\u0131na y\u00f6nelik \u015fiddet su\u00e7lar\u0131n\u0131n a\u00e7\u0131k cezaevi ve izinli \u00e7\u0131k\u0131\u015f uygulamalar\u0131 d\u0131\u015f\u0131nda b\u0131rak\u0131lmas\u0131 \u00f6nerildi.\u00a0<a href=\"https:\/\/www.cumhuriyet.com.tr\/turkiye\/iki-haftada-uc-kadin-cezaevinden-izinli-cikan-kisiler-tarafindan-olduruldu-katliamin-onu-aciliyor-2449895\" target=\"_blank\" class=\"feedzy-rss-link-icon\">Read More<\/a><\/p>","protected":false},"excerpt":{"rendered":"<p>\u0130ki haftada \u00fc\u00e7 kad\u0131n, cezaevinden izinli \u00e7\u0131kan erkekler taraf\u0131ndan katledildi. Faillerin daha \u00f6nce de \u015fiddet ge\u00e7mi\u015fi olmas\u0131na ra\u011fmen gerekli \u00f6nlemlerin al\u0131nmamas\u0131 tepki \u00e7ekti. Kad\u0131na y\u00f6nelik \u015fiddet su\u00e7lar\u0131n\u0131n a\u00e7\u0131k cezaevi ve izinli \u00e7\u0131k\u0131\u015f uygulamalar\u0131 d\u0131\u015f\u0131nda b\u0131rak\u0131lmas\u0131 \u00f6nerildi.\u0130ki haftada \u00fc\u00e7 kad\u0131n, cezaevinden izinli \u00e7\u0131kan erkekler taraf\u0131ndan katledildi. Faillerin daha \u00f6nce de \u015fiddet ge\u00e7mi\u015fi olmas\u0131na ra\u011fmen gerekli \u00f6nlemlerin [&hellip;]<\/p>\n","protected":false},"author":1,"featured_media":10187,"comment_status":"open","ping_status":"open","sticky":false,"template":"","format":"standard","meta":{"footnotes":"","_links_to":"","_links_to_target":""},"categories":[1],"tags":[],"class_list":["post-10186","post","type-post","status-publish","format-standard","has-post-thumbnail","hentry","category-haberler"],"_links":{"self":[{"href":"https:\/\/www.abchukuk.com\/index.php\/wp-json\/wp\/v2\/posts\/10186","targetHints":{"allow":["GET"]}}],"collection":[{"href":"https:\/\/www.abchukuk.com\/index.php\/wp-json\/wp\/v2\/posts"}],"about":[{"href":"https:\/\/www.abchukuk.com\/index.php\/wp-json\/wp\/v2\/types\/post"}],"author":[{"embeddable":true,"href":"https:\/\/www.abchukuk.com\/index.php\/wp-json\/wp\/v2\/users\/1"}],"replies":[{"embeddable":true,"href":"https:\/\/www.abchukuk.com\/index.php\/wp-json\/wp\/v2\/comments?post=10186"}],"version-history":[{"count":0,"href":"https:\/\/www.abchukuk.com\/index.php\/wp-json\/wp\/v2\/posts\/10186\/revisions"}],"wp:featuredmedia":[{"embeddable":true,"href":"https:\/\/www.abchukuk.com\/index.php\/wp-json\/wp\/v2\/media\/10187"}],"wp:attachment":[{"href":"https:\/\/www.abchukuk.com\/index.php\/wp-json\/wp\/v2\/media?parent=10186"}],"wp:term":[{"taxonomy":"category","embeddable":true,"href":"https:\/\/www.abchukuk.com\/index.php\/wp-json\/wp\/v2\/categories?post=10186"},{"taxonomy":"post_tag","embeddable":true,"href":"https:\/\/www.abchukuk.com\/index.php\/wp-json\/wp\/v2\/tags?post=10186"}],"curies":[{"name":"wp","href":"https:\/\/api.w.org\/{rel}","templated":true}]}}