{"id":10168,"date":"2025-11-04T18:03:38","date_gmt":"2025-11-04T18:03:38","guid":{"rendered":"https:\/\/www.abchukuk.com\/index.php\/2025\/11\/04\/disisleri-bakanligindan-avrupa-komisyonu-2025-turkiye-raporuna-tepki-on-yargili-ve-mesnetsiz-iddialari-reddediyoruz\/"},"modified":"2025-11-04T18:03:38","modified_gmt":"2025-11-04T18:03:38","slug":"disisleri-bakanligindan-avrupa-komisyonu-2025-turkiye-raporuna-tepki-on-yargili-ve-mesnetsiz-iddialari-reddediyoruz","status":"publish","type":"post","link":"https:\/\/www.abchukuk.com\/index.php\/2025\/11\/04\/disisleri-bakanligindan-avrupa-komisyonu-2025-turkiye-raporuna-tepki-on-yargili-ve-mesnetsiz-iddialari-reddediyoruz\/","title":{"rendered":"D\u0131\u015fi\u015fleri Bakanl\u0131\u011f\u0131&#8217;ndan Avrupa Komisyonu 2025 T\u00fcrkiye Raporu&#8217;na tepki: &#8216;\u00d6n yarg\u0131l\u0131 ve mesnetsiz iddialar\u0131 reddediyoruz&#8217;"},"content":{"rendered":"<p>D\u0131\u015fi\u015fleri Bakanl\u0131\u011f\u0131&#8217;n\u0131n, Avrupa Komisyonu 2025 T\u00fcrkiye Raporu hakk\u0131nda yapt\u0131\u011f\u0131 yaz\u0131l\u0131 a\u00e7\u0131klamada, &#8220;Yarg\u0131 ve temel haklar ile i\u00e7 siyasi geli\u015fmelere ili\u015fkin tarafl\u0131, \u00f6n yarg\u0131l\u0131 ve mesnetsiz iddialar\u0131n\u0131 reddediyoruz&#8221; ifadesi kullan\u0131ld\u0131.D\u0131\u015fi\u015fleri Bakanl\u0131\u011f\u0131&#8217;n\u0131n, Avrupa Komisyonu 2025 T\u00fcrkiye Raporu hakk\u0131nda yapt\u0131\u011f\u0131 yaz\u0131l\u0131 a\u00e7\u0131klamada, &#8220;Yarg\u0131 ve temel haklar ile i\u00e7 siyasi geli\u015fmelere ili\u015fkin tarafl\u0131, \u00f6n yarg\u0131l\u0131 ve mesnetsiz iddialar\u0131n\u0131 reddediyoruz&#8221; ifadesi kullan\u0131ld\u0131.\u00a0<a href=\"https:\/\/anlatilaninotesi.com.tr\/20251104\/disisleri-bakanligindan-avrupa-komisyonu-2025-turkiye-raporuna-tepki-on-yargili-ve-mesnetsiz-1100736136.html\" target=\"_blank\" class=\"feedzy-rss-link-icon\">Read More<\/a><\/p>","protected":false},"excerpt":{"rendered":"<p>D\u0131\u015fi\u015fleri Bakanl\u0131\u011f\u0131&#8217;n\u0131n, Avrupa Komisyonu 2025 T\u00fcrkiye Raporu hakk\u0131nda yapt\u0131\u011f\u0131 yaz\u0131l\u0131 a\u00e7\u0131klamada, &#8220;Yarg\u0131 ve temel haklar ile i\u00e7 siyasi geli\u015fmelere ili\u015fkin tarafl\u0131, \u00f6n yarg\u0131l\u0131 ve mesnetsiz iddialar\u0131n\u0131 reddediyoruz&#8221; ifadesi kullan\u0131ld\u0131.D\u0131\u015fi\u015fleri Bakanl\u0131\u011f\u0131&#8217;n\u0131n, Avrupa Komisyonu 2025 T\u00fcrkiye Raporu hakk\u0131nda yapt\u0131\u011f\u0131 yaz\u0131l\u0131 a\u00e7\u0131klamada, &#8220;Yarg\u0131 ve temel haklar ile i\u00e7 siyasi geli\u015fmelere ili\u015fkin tarafl\u0131, \u00f6n yarg\u0131l\u0131 ve mesnetsiz iddialar\u0131n\u0131 reddediyoruz&#8221; [&hellip;]<\/p>\n","protected":false},"author":1,"featured_media":0,"comment_status":"open","ping_status":"open","sticky":false,"template":"","format":"standard","meta":{"footnotes":"","_links_to":"","_links_to_target":""},"categories":[1],"tags":[],"class_list":["post-10168","post","type-post","status-publish","format-standard","hentry","category-haberler"],"_links":{"self":[{"href":"https:\/\/www.abchukuk.com\/index.php\/wp-json\/wp\/v2\/posts\/10168","targetHints":{"allow":["GET"]}}],"collection":[{"href":"https:\/\/www.abchukuk.com\/index.php\/wp-json\/wp\/v2\/posts"}],"about":[{"href":"https:\/\/www.abchukuk.com\/index.php\/wp-json\/wp\/v2\/types\/post"}],"author":[{"embeddable":true,"href":"https:\/\/www.abchukuk.com\/index.php\/wp-json\/wp\/v2\/users\/1"}],"replies":[{"embeddable":true,"href":"https:\/\/www.abchukuk.com\/index.php\/wp-json\/wp\/v2\/comments?post=10168"}],"version-history":[{"count":0,"href":"https:\/\/www.abchukuk.com\/index.php\/wp-json\/wp\/v2\/posts\/10168\/revisions"}],"wp:attachment":[{"href":"https:\/\/www.abchukuk.com\/index.php\/wp-json\/wp\/v2\/media?parent=10168"}],"wp:term":[{"taxonomy":"category","embeddable":true,"href":"https:\/\/www.abchukuk.com\/index.php\/wp-json\/wp\/v2\/categories?post=10168"},{"taxonomy":"post_tag","embeddable":true,"href":"https:\/\/www.abchukuk.com\/index.php\/wp-json\/wp\/v2\/tags?post=10168"}],"curies":[{"name":"wp","href":"https:\/\/api.w.org\/{rel}","templated":true}]}}