{"id":10166,"date":"2025-11-04T18:56:00","date_gmt":"2025-11-04T18:56:00","guid":{"rendered":"https:\/\/www.abchukuk.com\/index.php\/2025\/11\/04\/tbmmde-akp-dem-parti-gerginligi-insan-hic-olmazsa-anayasa-maddesini-okur-oyle-cikar-buraya\/"},"modified":"2025-11-04T18:56:00","modified_gmt":"2025-11-04T18:56:00","slug":"tbmmde-akp-dem-parti-gerginligi-insan-hic-olmazsa-anayasa-maddesini-okur-oyle-cikar-buraya","status":"publish","type":"post","link":"https:\/\/www.abchukuk.com\/index.php\/2025\/11\/04\/tbmmde-akp-dem-parti-gerginligi-insan-hic-olmazsa-anayasa-maddesini-okur-oyle-cikar-buraya\/","title":{"rendered":"TBMM&#8217;de AKP-DEM Parti gerginli\u011fi&#8230; &#8216;\u0130nsan hi\u00e7 olmazsa Anayasa maddesini okur, \u00f6yle \u00e7\u0131kar buraya&#8217;"},"content":{"rendered":"<p>TBMM Genel Kurulu&#8217;nda DEM Parti&#8217;nin Selahattin Demirta\u015f ve Figen Y\u00fcksekda\u011f&#8217;\u0131n yarg\u0131lanmas\u0131n\u0131 da kapsayan ara\u015ft\u0131rma \u00f6nerisi g\u00f6r\u00fc\u015fmelerinde AKP ile DEM Parti aras\u0131nda gerginlik ya\u015fand\u0131.TBMM Genel Kurulu&#8217;nda DEM Parti&#8217;nin Selahattin Demirta\u015f ve Figen Y\u00fcksekda\u011f&#8217;\u0131n yarg\u0131lanmas\u0131n\u0131 da kapsayan ara\u015ft\u0131rma \u00f6nerisi g\u00f6r\u00fc\u015fmelerinde AKP ile DEM Parti aras\u0131nda gerginlik ya\u015fand\u0131.\u00a0<a href=\"https:\/\/www.cumhuriyet.com.tr\/siyaset\/tbmm-de-akp-dem-parti-gerginligi-insan-hic-olmazsa-anayasa-maddesini-okur-oyle-cikar-buraya-2449851\" target=\"_blank\" class=\"feedzy-rss-link-icon\">Read More<\/a><\/p>","protected":false},"excerpt":{"rendered":"<p>TBMM Genel Kurulu&#8217;nda DEM Parti&#8217;nin Selahattin Demirta\u015f ve Figen Y\u00fcksekda\u011f&#8217;\u0131n yarg\u0131lanmas\u0131n\u0131 da kapsayan ara\u015ft\u0131rma \u00f6nerisi g\u00f6r\u00fc\u015fmelerinde AKP ile DEM Parti aras\u0131nda gerginlik ya\u015fand\u0131.TBMM Genel Kurulu&#8217;nda DEM Parti&#8217;nin Selahattin Demirta\u015f ve Figen Y\u00fcksekda\u011f&#8217;\u0131n yarg\u0131lanmas\u0131n\u0131 da kapsayan ara\u015ft\u0131rma \u00f6nerisi g\u00f6r\u00fc\u015fmelerinde AKP ile DEM Parti aras\u0131nda gerginlik ya\u015fand\u0131.\u00a0Read More<\/p>\n","protected":false},"author":1,"featured_media":10167,"comment_status":"open","ping_status":"open","sticky":false,"template":"","format":"standard","meta":{"footnotes":"","_links_to":"","_links_to_target":""},"categories":[1],"tags":[],"class_list":["post-10166","post","type-post","status-publish","format-standard","has-post-thumbnail","hentry","category-haberler"],"_links":{"self":[{"href":"https:\/\/www.abchukuk.com\/index.php\/wp-json\/wp\/v2\/posts\/10166","targetHints":{"allow":["GET"]}}],"collection":[{"href":"https:\/\/www.abchukuk.com\/index.php\/wp-json\/wp\/v2\/posts"}],"about":[{"href":"https:\/\/www.abchukuk.com\/index.php\/wp-json\/wp\/v2\/types\/post"}],"author":[{"embeddable":true,"href":"https:\/\/www.abchukuk.com\/index.php\/wp-json\/wp\/v2\/users\/1"}],"replies":[{"embeddable":true,"href":"https:\/\/www.abchukuk.com\/index.php\/wp-json\/wp\/v2\/comments?post=10166"}],"version-history":[{"count":0,"href":"https:\/\/www.abchukuk.com\/index.php\/wp-json\/wp\/v2\/posts\/10166\/revisions"}],"wp:featuredmedia":[{"embeddable":true,"href":"https:\/\/www.abchukuk.com\/index.php\/wp-json\/wp\/v2\/media\/10167"}],"wp:attachment":[{"href":"https:\/\/www.abchukuk.com\/index.php\/wp-json\/wp\/v2\/media?parent=10166"}],"wp:term":[{"taxonomy":"category","embeddable":true,"href":"https:\/\/www.abchukuk.com\/index.php\/wp-json\/wp\/v2\/categories?post=10166"},{"taxonomy":"post_tag","embeddable":true,"href":"https:\/\/www.abchukuk.com\/index.php\/wp-json\/wp\/v2\/tags?post=10166"}],"curies":[{"name":"wp","href":"https:\/\/api.w.org\/{rel}","templated":true}]}}