{"id":10165,"date":"2025-11-04T17:21:39","date_gmt":"2025-11-04T17:21:39","guid":{"rendered":"https:\/\/www.abchukuk.com\/index.php\/2025\/11\/04\/yargitay-uyeligi-icin-ticaret-mahkemesi-baskanlarindan-yogun-kulis\/"},"modified":"2025-11-04T17:21:39","modified_gmt":"2025-11-04T17:21:39","slug":"yargitay-uyeligi-icin-ticaret-mahkemesi-baskanlarindan-yogun-kulis","status":"publish","type":"post","link":"https:\/\/www.abchukuk.com\/index.php\/2025\/11\/04\/yargitay-uyeligi-icin-ticaret-mahkemesi-baskanlarindan-yogun-kulis\/","title":{"rendered":"YARGITAY \u00dcYEL\u0130\u011e\u0130 \u0130\u00c7\u0130N T\u0130CARET MAHKEMES\u0130 BA\u015eKANLARINDAN YO\u011eUN KUL\u0130S"},"content":{"rendered":"<p>SONTV KUL\u0130S HABER:<\/p>\n<p>HSK Genel Kurulu, \u00f6n\u00fcm\u00fczdeki g\u00fcnlerde Yarg\u0131tay\u2019a 8 yeni \u00fcye se\u00e7imi i\u00e7in toplanmaya haz\u0131rlan\u0131yor. \u00dcyelik s\u00fcrecine say\u0131l\u0131 g\u00fcnler kala, \u00f6zellikle \u0130stanbul Adliyesi\u2019ndeki ticaret mahkemesi ba\u015fkanlar\u0131 aras\u0131nda yo\u011fun bir kulis trafi\u011fi ya\u015fand\u0131\u011f\u0131 \u00f6\u011frenildi.<\/p>\n<p>SONTV\u2019nin edindi\u011fi bilgilere g\u00f6re, \u0130stanbul 17. Asliye Ticaret Mahkemesi\u2019nin k\u0131demli kad\u0131n ba\u015fkan\u0131 G\u00f6ksal Kayap\u0131nar ile 16. Asliye Ticaret Mahkemesi Ba\u015fkan\u0131 Haydar Ayd\u0131n, Yarg\u0131tay \u00fcyeli\u011fi i\u00e7in Ankara\u2019da H\u00e2kimler ve Savc\u0131lar Kurulu (HSK) katlar\u0131nda aktif temaslarda bulundu.<\/p>\n<p>T\u00fcrkiye\u2019nin en \u00f6nemli deniz yetki alan\u0131 ve uluslararas\u0131 ticari uyu\u015fmazl\u0131k davalar\u0131na bakan 17. Ticaret Mahkemesi\u2019nin ba\u015fkan\u0131 olan Kayap\u0131nar\u2019\u0131n, ge\u00e7ti\u011fimiz g\u00fcnlerde mazeret izni alarak Ankara\u2019ya gitti\u011fi, burada HSK \u00e7evrelerinde yo\u011fun kulis y\u00fcr\u00fctt\u00fc\u011f\u00fc \u00f6\u011frenildi.<\/p>\n<p>Benzer \u015fekilde, 16. Asliye Ticaret Mahkemesi Ba\u015fkan\u0131 Haydar Ayd\u0131n\u2019\u0131n da Yarg\u0131tay \u00fcyeli\u011fi s\u00fcreci kapsam\u0131nda Ankara\u2019da \u00e7e\u015fitli temaslar yapt\u0131\u011f\u0131 kulislere yans\u0131d\u0131<\/p>\n<p>HSK kulislerinde, iki ba\u015fkan\u0131n da \u201cticaret hukuku ve denizcilik ihtilaflar\u0131 konusundaki uzmanl\u0131klar\u0131\u201d nedeniyle Yarg\u0131tay \u00fcyeli\u011fi i\u00e7in g\u00fc\u00e7l\u00fc adaylar aras\u0131nda de\u011ferlendirildi\u011fi konu\u015fuluyor.<\/p>\n<p>KUL\u0130SLER\u0130N ODAK NOKTASI:<br \/>\u2022 HSK Genel Kurulu\u2019nun bu ay i\u00e7inde yapaca\u011f\u0131 toplant\u0131da 8 yeni Yarg\u0131tay \u00fcyesinin se\u00e7ilmesi bekleniyor.<br \/>\u2022 Ticaret mahkemesi ba\u015fkanlar\u0131n\u0131n y\u00fcr\u00fctt\u00fc\u011f\u00fc kulis faaliyetlerinin, \u00f6zellikle ticaret mahkemelerinin ihtisasla\u015fmas\u0131 i\u00e7in yeniden yap\u0131lanma s\u00fcreci a\u00e7\u0131s\u0131ndan \u00f6nem ta\u015f\u0131d\u0131\u011f\u0131 belirtiliyor.<\/p>\n\n<p>SONTV KUL\u0130S HABER: HSK Genel Kurulu, \u00f6n\u00fcm\u00fczdeki g\u00fcnlerde Yarg\u0131tay\u2019a 8 yeni \u00fcye se\u00e7imi i\u00e7in toplanmaya haz\u0131rlan\u0131yor. \u00dcyelik s\u00fcrecine say\u0131l\u0131 g\u00fcnler kala, \u00f6zellikle \u0130stanbul Adliyesi\u2019ndeki ticaret mahkemesi ba\u015fkanlar\u0131 aras\u0131nda yo\u011fun bir kulis trafi\u011fi ya\u015fand\u0131\u011f\u0131 \u00f6\u011frenildi. SONTV\u2019nin edindi\u011fi bilgilere g\u00f6re, \u0130stanbul 17. Asliye Ticaret Mahkemesi\u2019nin k\u0131demli kad\u0131n ba\u015fkan\u0131 G\u00f6ksal Kayap\u0131nar ile 16. Asliye Ticaret Mahkemesi Ba\u015fkan\u0131 Haydar\u00a0<a href=\"https:\/\/www.son.tv\/yargitay-uyeligi-icin-ticaret-mahkemesi-baskanlarindan-yogun-kulis\/\" target=\"_blank\" class=\"feedzy-rss-link-icon\">Read More<\/a><\/p>","protected":false},"excerpt":{"rendered":"<p>SONTV KUL\u0130S HABER: HSK Genel Kurulu, \u00f6n\u00fcm\u00fczdeki g\u00fcnlerde Yarg\u0131tay\u2019a 8 yeni \u00fcye se\u00e7imi i\u00e7in toplanmaya haz\u0131rlan\u0131yor. \u00dcyelik s\u00fcrecine say\u0131l\u0131 g\u00fcnler kala, \u00f6zellikle \u0130stanbul Adliyesi\u2019ndeki ticaret mahkemesi ba\u015fkanlar\u0131 aras\u0131nda yo\u011fun bir kulis trafi\u011fi ya\u015fand\u0131\u011f\u0131 \u00f6\u011frenildi. SONTV\u2019nin edindi\u011fi bilgilere g\u00f6re, \u0130stanbul 17. Asliye Ticaret Mahkemesi\u2019nin k\u0131demli kad\u0131n ba\u015fkan\u0131 G\u00f6ksal Kayap\u0131nar ile 16. Asliye Ticaret Mahkemesi Ba\u015fkan\u0131 Haydar [&hellip;]<\/p>\n","protected":false},"author":1,"featured_media":0,"comment_status":"open","ping_status":"open","sticky":false,"template":"","format":"standard","meta":{"footnotes":"","_links_to":"","_links_to_target":""},"categories":[1],"tags":[],"class_list":["post-10165","post","type-post","status-publish","format-standard","hentry","category-haberler"],"_links":{"self":[{"href":"https:\/\/www.abchukuk.com\/index.php\/wp-json\/wp\/v2\/posts\/10165","targetHints":{"allow":["GET"]}}],"collection":[{"href":"https:\/\/www.abchukuk.com\/index.php\/wp-json\/wp\/v2\/posts"}],"about":[{"href":"https:\/\/www.abchukuk.com\/index.php\/wp-json\/wp\/v2\/types\/post"}],"author":[{"embeddable":true,"href":"https:\/\/www.abchukuk.com\/index.php\/wp-json\/wp\/v2\/users\/1"}],"replies":[{"embeddable":true,"href":"https:\/\/www.abchukuk.com\/index.php\/wp-json\/wp\/v2\/comments?post=10165"}],"version-history":[{"count":0,"href":"https:\/\/www.abchukuk.com\/index.php\/wp-json\/wp\/v2\/posts\/10165\/revisions"}],"wp:attachment":[{"href":"https:\/\/www.abchukuk.com\/index.php\/wp-json\/wp\/v2\/media?parent=10165"}],"wp:term":[{"taxonomy":"category","embeddable":true,"href":"https:\/\/www.abchukuk.com\/index.php\/wp-json\/wp\/v2\/categories?post=10165"},{"taxonomy":"post_tag","embeddable":true,"href":"https:\/\/www.abchukuk.com\/index.php\/wp-json\/wp\/v2\/tags?post=10165"}],"curies":[{"name":"wp","href":"https:\/\/api.w.org\/{rel}","templated":true}]}}