{"id":10163,"date":"2025-11-04T17:49:00","date_gmt":"2025-11-04T17:49:00","guid":{"rendered":"https:\/\/www.abchukuk.com\/index.php\/2025\/11\/04\/ferdi-zeyrekin-olumuyle-ilgili-10-supheliye-hapis-cezasi-istemi\/"},"modified":"2025-11-04T17:49:00","modified_gmt":"2025-11-04T17:49:00","slug":"ferdi-zeyrekin-olumuyle-ilgili-10-supheliye-hapis-cezasi-istemi","status":"publish","type":"post","link":"https:\/\/www.abchukuk.com\/index.php\/2025\/11\/04\/ferdi-zeyrekin-olumuyle-ilgili-10-supheliye-hapis-cezasi-istemi\/","title":{"rendered":"Ferdi Zeyrek\u2019in \u00f6l\u00fcm\u00fcyle ilgili 10 \u015f\u00fcpheliye hapis cezas\u0131 istemi"},"content":{"rendered":"<p>Manisa B\u00fcy\u00fck\u015fehir Belediye Ba\u015fkan\u0131 Ferdi Zeyrek\u2019in elektrik ak\u0131m\u0131na kap\u0131larak hayat\u0131n\u0131 kaybetmesiyle ilgili haz\u0131rlanan iddianamede, 10 \u015f\u00fcpheliye taksirle \u00f6l\u00fcm ve yaralanmaya neden olma su\u00e7undan 15\u2019er y\u0131l hapis cezas\u0131 istendi.Manisa B\u00fcy\u00fck\u015fehir Belediye Ba\u015fkan\u0131 Ferdi Zeyrek\u2019in elektrik ak\u0131m\u0131na kap\u0131larak hayat\u0131n\u0131 kaybetmesiyle ilgili haz\u0131rlanan iddianamede, 10 \u015f\u00fcpheliye taksirle \u00f6l\u00fcm ve yaralanmaya neden olma su\u00e7undan 15\u2019er y\u0131l hapis cezas\u0131 istendi.\u00a0<a href=\"https:\/\/www.dunya.com\/gundem\/ferdi-zeyrekin-olumuyle-ilgili-10-supheliye-hapis-cezasi-istemi-haberi-801613\" target=\"_blank\" class=\"feedzy-rss-link-icon\">Read More<\/a><\/p>","protected":false},"excerpt":{"rendered":"<p>Manisa B\u00fcy\u00fck\u015fehir Belediye Ba\u015fkan\u0131 Ferdi Zeyrek\u2019in elektrik ak\u0131m\u0131na kap\u0131larak hayat\u0131n\u0131 kaybetmesiyle ilgili haz\u0131rlanan iddianamede, 10 \u015f\u00fcpheliye taksirle \u00f6l\u00fcm ve yaralanmaya neden olma su\u00e7undan 15\u2019er y\u0131l hapis cezas\u0131 istendi.Manisa B\u00fcy\u00fck\u015fehir Belediye Ba\u015fkan\u0131 Ferdi Zeyrek\u2019in elektrik ak\u0131m\u0131na kap\u0131larak hayat\u0131n\u0131 kaybetmesiyle ilgili haz\u0131rlanan iddianamede, 10 \u015f\u00fcpheliye taksirle \u00f6l\u00fcm ve yaralanmaya neden olma su\u00e7undan 15\u2019er y\u0131l hapis cezas\u0131 istendi.\u00a0Read [&hellip;]<\/p>\n","protected":false},"author":1,"featured_media":10164,"comment_status":"open","ping_status":"open","sticky":false,"template":"","format":"standard","meta":{"footnotes":"","_links_to":"","_links_to_target":""},"categories":[1],"tags":[],"class_list":["post-10163","post","type-post","status-publish","format-standard","has-post-thumbnail","hentry","category-haberler"],"_links":{"self":[{"href":"https:\/\/www.abchukuk.com\/index.php\/wp-json\/wp\/v2\/posts\/10163","targetHints":{"allow":["GET"]}}],"collection":[{"href":"https:\/\/www.abchukuk.com\/index.php\/wp-json\/wp\/v2\/posts"}],"about":[{"href":"https:\/\/www.abchukuk.com\/index.php\/wp-json\/wp\/v2\/types\/post"}],"author":[{"embeddable":true,"href":"https:\/\/www.abchukuk.com\/index.php\/wp-json\/wp\/v2\/users\/1"}],"replies":[{"embeddable":true,"href":"https:\/\/www.abchukuk.com\/index.php\/wp-json\/wp\/v2\/comments?post=10163"}],"version-history":[{"count":0,"href":"https:\/\/www.abchukuk.com\/index.php\/wp-json\/wp\/v2\/posts\/10163\/revisions"}],"wp:featuredmedia":[{"embeddable":true,"href":"https:\/\/www.abchukuk.com\/index.php\/wp-json\/wp\/v2\/media\/10164"}],"wp:attachment":[{"href":"https:\/\/www.abchukuk.com\/index.php\/wp-json\/wp\/v2\/media?parent=10163"}],"wp:term":[{"taxonomy":"category","embeddable":true,"href":"https:\/\/www.abchukuk.com\/index.php\/wp-json\/wp\/v2\/categories?post=10163"},{"taxonomy":"post_tag","embeddable":true,"href":"https:\/\/www.abchukuk.com\/index.php\/wp-json\/wp\/v2\/tags?post=10163"}],"curies":[{"name":"wp","href":"https:\/\/api.w.org\/{rel}","templated":true}]}}